{"id":725,"date":"2024-05-15T22:05:20","date_gmt":"2024-05-15T22:05:20","guid":{"rendered":"https:\/\/qrealo.cl\/laarboleda\/index.php\/2024\/05\/15\/circular-de-rectoria-del-colegio-la-arboleda-bibliobanco\/"},"modified":"2024-05-15T22:05:20","modified_gmt":"2024-05-15T22:05:20","slug":"circular-de-rectoria-del-colegio-la-arboleda-bibliobanco","status":"publish","type":"school-news","link":"https:\/\/laarboleda.edu.co\/es\/school-news\/circular-de-rectoria-del-colegio-la-arboleda-bibliobanco\/","title":{"rendered":"Circular de Rector\u00eda del Colegio La Arboleda: Bibliobanco"},"content":{"rendered":"<p><span id=\"hs_cos_wrapper_post_body\" class=\"hs_cos_wrapper hs_cos_wrapper_meta_field hs_cos_wrapper_type_rich_text\" data-hs-cos-general-type=\"meta_field\" data-hs-cos-type=\"rich_text\"><\/p>\n<p>Apreciados Padres de Familia:<\/p>\n<p> <!--more--><\/p>\n<p>A partir de este a\u00f1o el Colegio, con la aprobaci\u00f3n de todas las instancias: Consejo Directivo, Consejo Acad\u00e9mico, Homeroom Parents, Consejo Estudiantil y Comit\u00e9 Directivo, decide adoptar el Proyecto de Bibliobanco como estrategia para que todos los estudiantes dispongan de los textos necesarios para el buen desarrollo de sus clases durante todo el a\u00f1o lectivo. El Bibliobanco es recomendado y aprobado por la Secretaria de Educaci\u00f3n Municipal y consiste en que el Colegio adquiere la totalidad de los textos, tanto del plan de lector como del plan de estudios, y los entrega al estudiante para su uso.<\/p>\n<p>Estos textos, se dividen en tres categor\u00edas: los que el estudiante conservar\u00e1 para siempre en su biblioteca personal (plan lector), los libros de trabajo (workbooks), que tambi\u00e9n quedar\u00e1n para el estudiante, y los libros importados que se entregar\u00e1n con car\u00e1cter de devoluci\u00f3n (Biolog\u00eda, Qu\u00edmica, F\u00edsica, \u00c1lgebra y Pre C\u00e1lculo).<\/p>\n<p>Para favorecer a los padres de familia o acudientes y teniendo en cuenta el costo en que incurren al inicio de la temporada escolar, el Colegio cobrar\u00e1 una cuota mensual por diez (10) meses, aprobada por la Secretar\u00eda de Edu<\/p>\n<table border=\"0\" style=\"border-collapse: collapse\">\n<tbody>\n<tr>\n<td><strong>Grado<\/strong><\/td>\n<td><strong>Valor Total<\/strong><\/td>\n<\/tr>\n<tr>\n<td>PRIMERO&nbsp;<\/td>\n<td>$ 411.950<\/td>\n<\/tr>\n<tr>\n<td>SEGUNDO&nbsp;<\/td>\n<td>$ 398.155<\/td>\n<\/tr>\n<tr>\n<td>TERCERO&nbsp;<\/td>\n<td>$ 395.215<\/td>\n<\/tr>\n<tr>\n<td>CUARTO&nbsp;<\/td>\n<td>$ 353.400<\/td>\n<\/tr>\n<tr>\n<td>QUINTO&nbsp;<\/td>\n<td>$ 320.450<\/td>\n<\/tr>\n<tr>\n<td>SEXTO&nbsp;<\/td>\n<td>$ 471.474<\/td>\n<\/tr>\n<tr>\n<td>S\u00c9PTIMO&nbsp;<\/td>\n<td>$ 454.574<\/td>\n<\/tr>\n<tr>\n<td>OCTAVO&nbsp;<\/td>\n<td>$ 396.769<\/td>\n<\/tr>\n<tr>\n<td>NOVENO&nbsp;<\/td>\n<td>$ 316.494<\/td>\n<\/tr>\n<tr>\n<td>D\u00c9CIMO&nbsp;<\/td>\n<td>$ 373.459<\/td>\n<\/tr>\n<tr>\n<td>UND\u00c9CIMO $ 313.990<\/td>\n<td>$ 313.990<\/td>\n<\/tr>\n<\/tbody>\n<\/table>\n<p>Agradecemos a estudiantes, profesores, padres de familia y a todas las instancias que participaron<br \/>en el proceso para lograr esta nueva modalidad de adquisici\u00f3n de los libros, que estamos seguros<br \/>beneficiar\u00e1 la actividad acad\u00e9mica y eliminar\u00e1 los problemas de adquisici\u00f3n de textos de los a\u00f1os<br \/>pasados.<\/p>\n<p>&nbsp;<\/p>\n<p><\/span><\/p>\n","protected":false},"excerpt":{"rendered":"<p>Circular de rector\u00eda sobre lista de libros. Bibliobanco.<\/p>\n","protected":false},"featured_media":726,"template":"","class_list":["post-725","school-news","type-school-news","status-publish","has-post-thumbnail","hentry"],"acf":[],"yoast_head":"<!-- This site is optimized with the Yoast SEO plugin v27.1.1 - https:\/\/yoast.com\/product\/yoast-seo-wordpress\/ -->\n<title>Circular de Rector\u00eda del Colegio La Arboleda: Bibliobanco - Arboleda School | International School Cali<\/title>\n<meta name=\"robots\" content=\"index, follow, max-snippet:-1, max-image-preview:large, max-video-preview:-1\" \/>\n<link rel=\"canonical\" href=\"https:\/\/laarboleda.edu.co\/es\/school-news\/circular-de-rectoria-del-colegio-la-arboleda-bibliobanco\/\" \/>\n<meta property=\"og:locale\" content=\"es_ES\" \/>\n<meta property=\"og:type\" content=\"article\" \/>\n<meta property=\"og:title\" content=\"Circular de Rector\u00eda del Colegio La Arboleda: Bibliobanco - Arboleda School | International School Cali\" \/>\n<meta property=\"og:description\" content=\"Circular de rector\u00eda sobre lista de libros. Bibliobanco.\" \/>\n<meta property=\"og:url\" content=\"https:\/\/laarboleda.edu.co\/es\/school-news\/circular-de-rectoria-del-colegio-la-arboleda-bibliobanco\/\" \/>\n<meta property=\"og:site_name\" content=\"Arboleda School | International School Cali\" \/>\n<meta property=\"article:publisher\" content=\"https:\/\/www.facebook.com\/colegiolaarboleda\/\" \/>\n<meta property=\"og:image\" content=\"https:\/\/laarboleda.edu.co\/wp-content\/uploads\/sites\/34\/2024\/11\/cropped-LogoArboleda-2.png\" \/>\n\t<meta property=\"og:image:width\" content=\"808\" \/>\n\t<meta property=\"og:image:height\" content=\"388\" \/>\n\t<meta property=\"og:image:type\" content=\"image\/png\" \/>\n<meta name=\"twitter:card\" content=\"summary_large_image\" \/>\n<meta name=\"twitter:label1\" content=\"Tiempo de lectura\" \/>\n\t<meta name=\"twitter:data1\" content=\"1 minuto\" \/>\n<script type=\"application\/ld+json\" class=\"yoast-schema-graph\">{\"@context\":\"https:\/\/schema.org\",\"@graph\":[{\"@type\":\"WebPage\",\"@id\":\"https:\/\/laarboleda.edu.co\/es\/school-news\/circular-de-rectoria-del-colegio-la-arboleda-bibliobanco\/\",\"url\":\"https:\/\/laarboleda.edu.co\/es\/school-news\/circular-de-rectoria-del-colegio-la-arboleda-bibliobanco\/\",\"name\":\"Circular de Rector\u00eda del Colegio La Arboleda: Bibliobanco - Arboleda School | International School Cali\",\"isPartOf\":{\"@id\":\"https:\/\/laarboleda.edu.co\/es\/#website\"},\"primaryImageOfPage\":{\"@id\":\"https:\/\/laarboleda.edu.co\/es\/school-news\/circular-de-rectoria-del-colegio-la-arboleda-bibliobanco\/#primaryimage\"},\"image\":{\"@id\":\"https:\/\/laarboleda.edu.co\/es\/school-news\/circular-de-rectoria-del-colegio-la-arboleda-bibliobanco\/#primaryimage\"},\"thumbnailUrl\":\"https:\/\/laarboleda.edu.co\/wp-content\/uploads\/sites\/34\/2025\/01\/Bibliobanco.jpg\",\"datePublished\":\"2024-05-15T22:05:20+00:00\",\"breadcrumb\":{\"@id\":\"https:\/\/laarboleda.edu.co\/es\/school-news\/circular-de-rectoria-del-colegio-la-arboleda-bibliobanco\/#breadcrumb\"},\"inLanguage\":\"es\",\"potentialAction\":[{\"@type\":\"ReadAction\",\"target\":[\"https:\/\/laarboleda.edu.co\/es\/school-news\/circular-de-rectoria-del-colegio-la-arboleda-bibliobanco\/\"]}]},{\"@type\":\"ImageObject\",\"inLanguage\":\"es\",\"@id\":\"https:\/\/laarboleda.edu.co\/es\/school-news\/circular-de-rectoria-del-colegio-la-arboleda-bibliobanco\/#primaryimage\",\"url\":\"https:\/\/laarboleda.edu.co\/wp-content\/uploads\/sites\/34\/2025\/01\/Bibliobanco.jpg\",\"contentUrl\":\"https:\/\/laarboleda.edu.co\/wp-content\/uploads\/sites\/34\/2025\/01\/Bibliobanco.jpg\",\"width\":1024,\"height\":682},{\"@type\":\"BreadcrumbList\",\"@id\":\"https:\/\/laarboleda.edu.co\/es\/school-news\/circular-de-rectoria-del-colegio-la-arboleda-bibliobanco\/#breadcrumb\",\"itemListElement\":[{\"@type\":\"ListItem\",\"position\":1,\"name\":\"Home\",\"item\":\"https:\/\/laarboleda.edu.co\/es\/\"},{\"@type\":\"ListItem\",\"position\":2,\"name\":\"Circular de Rector\u00eda del Colegio La Arboleda: Bibliobanco\"}]},{\"@type\":\"WebSite\",\"@id\":\"https:\/\/laarboleda.edu.co\/es\/#website\",\"url\":\"https:\/\/laarboleda.edu.co\/es\/\",\"name\":\"Arboleda School | International School Cali\",\"description\":\"Nos enfocamos en el desarrollo del ser y en el respeto a las diferencias. Adem\u00e1s, somos un colegio biling\u00fce (ingl\u00e9s y espa\u00f1ol, y franc\u00e9s como tercera lengua) de excelencia acad\u00e9mica y contamos con un curr\u00edculo internacional que permite intercambios internacionales a Canad\u00e1, Reino Unido, USA y Francia, as\u00ed como asesor\u00eda estudiantil para estudios superiores en el exterior.\",\"publisher\":{\"@id\":\"https:\/\/laarboleda.edu.co\/es\/#organization\"},\"potentialAction\":[{\"@type\":\"SearchAction\",\"target\":{\"@type\":\"EntryPoint\",\"urlTemplate\":\"https:\/\/laarboleda.edu.co\/es\/?s={search_term_string}\"},\"query-input\":{\"@type\":\"PropertyValueSpecification\",\"valueRequired\":true,\"valueName\":\"search_term_string\"}}],\"inLanguage\":\"es\"},{\"@type\":\"Organization\",\"@id\":\"https:\/\/laarboleda.edu.co\/es\/#organization\",\"name\":\"Arboleda School | International School Cali\",\"url\":\"https:\/\/laarboleda.edu.co\/es\/\",\"logo\":{\"@type\":\"ImageObject\",\"inLanguage\":\"es\",\"@id\":\"https:\/\/laarboleda.edu.co\/es\/#\/schema\/logo\/image\/\",\"url\":\"https:\/\/laarboleda.edu.co\/wp-content\/uploads\/sites\/34\/2024\/11\/cropped-LogoArboleda-2.png\",\"contentUrl\":\"https:\/\/laarboleda.edu.co\/wp-content\/uploads\/sites\/34\/2024\/11\/cropped-LogoArboleda-2.png\",\"width\":808,\"height\":388,\"caption\":\"Arboleda School | International School Cali\"},\"image\":{\"@id\":\"https:\/\/laarboleda.edu.co\/es\/#\/schema\/logo\/image\/\"},\"sameAs\":[\"https:\/\/www.facebook.com\/colegiolaarboleda\/\",\"https:\/\/www.instagram.com\/colegiolaarboleda\/\",\"https:\/\/www.youtube.com\/@ColegioLaArboledaCali\",\"https:\/\/www.linkedin.com\/company\/colegio-la-arboleda\"]}]}<\/script>\n<!-- \/ Yoast SEO plugin. -->","yoast_head_json":{"title":"Circular de Rector\u00eda del Colegio La Arboleda: Bibliobanco - Arboleda School | International School Cali","robots":{"index":"index","follow":"follow","max-snippet":"max-snippet:-1","max-image-preview":"max-image-preview:large","max-video-preview":"max-video-preview:-1"},"canonical":"https:\/\/laarboleda.edu.co\/es\/school-news\/circular-de-rectoria-del-colegio-la-arboleda-bibliobanco\/","og_locale":"es_ES","og_type":"article","og_title":"Circular de Rector\u00eda del Colegio La Arboleda: Bibliobanco - Arboleda School | International School Cali","og_description":"Circular de rector\u00eda sobre lista de libros. Bibliobanco.","og_url":"https:\/\/laarboleda.edu.co\/es\/school-news\/circular-de-rectoria-del-colegio-la-arboleda-bibliobanco\/","og_site_name":"Arboleda School | International School Cali","article_publisher":"https:\/\/www.facebook.com\/colegiolaarboleda\/","og_image":[{"width":808,"height":388,"url":"https:\/\/laarboleda.edu.co\/wp-content\/uploads\/sites\/34\/2024\/11\/cropped-LogoArboleda-2.png","type":"image\/png"}],"twitter_card":"summary_large_image","twitter_misc":{"Tiempo de lectura":"1 minuto"},"schema":{"@context":"https:\/\/schema.org","@graph":[{"@type":"WebPage","@id":"https:\/\/laarboleda.edu.co\/es\/school-news\/circular-de-rectoria-del-colegio-la-arboleda-bibliobanco\/","url":"https:\/\/laarboleda.edu.co\/es\/school-news\/circular-de-rectoria-del-colegio-la-arboleda-bibliobanco\/","name":"Circular de Rector\u00eda del Colegio La Arboleda: Bibliobanco - Arboleda School | International School Cali","isPartOf":{"@id":"https:\/\/laarboleda.edu.co\/es\/#website"},"primaryImageOfPage":{"@id":"https:\/\/laarboleda.edu.co\/es\/school-news\/circular-de-rectoria-del-colegio-la-arboleda-bibliobanco\/#primaryimage"},"image":{"@id":"https:\/\/laarboleda.edu.co\/es\/school-news\/circular-de-rectoria-del-colegio-la-arboleda-bibliobanco\/#primaryimage"},"thumbnailUrl":"https:\/\/laarboleda.edu.co\/wp-content\/uploads\/sites\/34\/2025\/01\/Bibliobanco.jpg","datePublished":"2024-05-15T22:05:20+00:00","breadcrumb":{"@id":"https:\/\/laarboleda.edu.co\/es\/school-news\/circular-de-rectoria-del-colegio-la-arboleda-bibliobanco\/#breadcrumb"},"inLanguage":"es","potentialAction":[{"@type":"ReadAction","target":["https:\/\/laarboleda.edu.co\/es\/school-news\/circular-de-rectoria-del-colegio-la-arboleda-bibliobanco\/"]}]},{"@type":"ImageObject","inLanguage":"es","@id":"https:\/\/laarboleda.edu.co\/es\/school-news\/circular-de-rectoria-del-colegio-la-arboleda-bibliobanco\/#primaryimage","url":"https:\/\/laarboleda.edu.co\/wp-content\/uploads\/sites\/34\/2025\/01\/Bibliobanco.jpg","contentUrl":"https:\/\/laarboleda.edu.co\/wp-content\/uploads\/sites\/34\/2025\/01\/Bibliobanco.jpg","width":1024,"height":682},{"@type":"BreadcrumbList","@id":"https:\/\/laarboleda.edu.co\/es\/school-news\/circular-de-rectoria-del-colegio-la-arboleda-bibliobanco\/#breadcrumb","itemListElement":[{"@type":"ListItem","position":1,"name":"Home","item":"https:\/\/laarboleda.edu.co\/es\/"},{"@type":"ListItem","position":2,"name":"Circular de Rector\u00eda del Colegio La Arboleda: Bibliobanco"}]},{"@type":"WebSite","@id":"https:\/\/laarboleda.edu.co\/es\/#website","url":"https:\/\/laarboleda.edu.co\/es\/","name":"Arboleda School | International School Cali","description":"Nos enfocamos en el desarrollo del ser y en el respeto a las diferencias. Adem\u00e1s, somos un colegio biling\u00fce (ingl\u00e9s y espa\u00f1ol, y franc\u00e9s como tercera lengua) de excelencia acad\u00e9mica y contamos con un curr\u00edculo internacional que permite intercambios internacionales a Canad\u00e1, Reino Unido, USA y Francia, as\u00ed como asesor\u00eda estudiantil para estudios superiores en el exterior.","publisher":{"@id":"https:\/\/laarboleda.edu.co\/es\/#organization"},"potentialAction":[{"@type":"SearchAction","target":{"@type":"EntryPoint","urlTemplate":"https:\/\/laarboleda.edu.co\/es\/?s={search_term_string}"},"query-input":{"@type":"PropertyValueSpecification","valueRequired":true,"valueName":"search_term_string"}}],"inLanguage":"es"},{"@type":"Organization","@id":"https:\/\/laarboleda.edu.co\/es\/#organization","name":"Arboleda School | International School Cali","url":"https:\/\/laarboleda.edu.co\/es\/","logo":{"@type":"ImageObject","inLanguage":"es","@id":"https:\/\/laarboleda.edu.co\/es\/#\/schema\/logo\/image\/","url":"https:\/\/laarboleda.edu.co\/wp-content\/uploads\/sites\/34\/2024\/11\/cropped-LogoArboleda-2.png","contentUrl":"https:\/\/laarboleda.edu.co\/wp-content\/uploads\/sites\/34\/2024\/11\/cropped-LogoArboleda-2.png","width":808,"height":388,"caption":"Arboleda School | International School Cali"},"image":{"@id":"https:\/\/laarboleda.edu.co\/es\/#\/schema\/logo\/image\/"},"sameAs":["https:\/\/www.facebook.com\/colegiolaarboleda\/","https:\/\/www.instagram.com\/colegiolaarboleda\/","https:\/\/www.youtube.com\/@ColegioLaArboledaCali","https:\/\/www.linkedin.com\/company\/colegio-la-arboleda"]}]}},"jetpack_sharing_enabled":true,"_links":{"self":[{"href":"https:\/\/laarboleda.edu.co\/es\/wp-json\/wp\/v2\/school-news\/725","targetHints":{"allow":["GET"]}}],"collection":[{"href":"https:\/\/laarboleda.edu.co\/es\/wp-json\/wp\/v2\/school-news"}],"about":[{"href":"https:\/\/laarboleda.edu.co\/es\/wp-json\/wp\/v2\/types\/school-news"}],"version-history":[{"count":0,"href":"https:\/\/laarboleda.edu.co\/es\/wp-json\/wp\/v2\/school-news\/725\/revisions"}],"wp:featuredmedia":[{"embeddable":true,"href":"https:\/\/laarboleda.edu.co\/es\/wp-json\/wp\/v2\/media\/726"}],"wp:attachment":[{"href":"https:\/\/laarboleda.edu.co\/es\/wp-json\/wp\/v2\/media?parent=725"}],"curies":[{"name":"wp","href":"https:\/\/api.w.org\/{rel}","templated":true}]}}