{"id":666,"date":"2024-05-15T22:05:54","date_gmt":"2024-05-15T22:05:54","guid":{"rendered":"https:\/\/qrealo.cl\/laarboleda\/index.php\/2024\/05\/15\/estudiantes-del-colegio-la-arboleda-tambien-construyen-el-plan-de-desarrollo-2020-2023-de-nuestra-ciudad\/"},"modified":"2024-05-15T22:05:54","modified_gmt":"2024-05-15T22:05:54","slug":"estudiantes-del-colegio-la-arboleda-tambien-construyen-el-plan-de-desarrollo-2020-2023-de-nuestra-ciudad","status":"publish","type":"school-news","link":"https:\/\/laarboleda.edu.co\/es\/school-news\/estudiantes-del-colegio-la-arboleda-tambien-construyen-el-plan-de-desarrollo-2020-2023-de-nuestra-ciudad\/","title":{"rendered":"Estudiantes del Colegio la Arboleda tambi\u00e9n construyen el Plan de Desarrollo 2020-2023 de nuestra ciudad."},"content":{"rendered":"<p><span id=\"hs_cos_wrapper_post_body\" class=\"hs_cos_wrapper hs_cos_wrapper_meta_field hs_cos_wrapper_type_rich_text\" data-hs-cos-general-type=\"meta_field\" data-hs-cos-type=\"rich_text\"><\/p>\n<p><strong><img decoding=\"async\" src=\"https:\/\/laarboleda.edu.co\/wp-content\/uploads\/sites\/34\/2025\/01\/IMG_0357-Feb-27-2024-08-31-12-0513-PM-scaled.jpg\" alt=\"IMG_0357\" width=\"5184\" style=\"width: 5184px\"><\/strong><\/p>\n<p> <!--more--><\/p>\n<p><strong>Con la participaci\u00f3n del consejo estudiantil y estudiantes de las secciones de Middle School y High School, la Secretar\u00eda de Paz y Cultura Ciudadana adelant\u00f3 una jornada para recibir inquietudes y propuestas de nuestros estudiantes, para la construcci\u00f3n del Plan de Desarrollo 2020-2023.<\/strong><\/p>\n<p><span>Tan solo tres (3) colegios en Cali fueron escogidos para este ejercicio y nuestro Colegio fue seleccionado gracias a los valores de convivencia, conciencia ambiental y respeto por las diferencias que promueve nuestra propuesta educativa.&nbsp;<\/span><\/p>\n<p>Durante la jornada los estudiante fueron testigos de un acto de reconciliaci\u00f3n entre un reinsertado de las FARC y una victima de este grupo guerrillero. Este ejemplo de paz de parte de personas que directamente han estado relacionadas con la guerra que ha vivido en nuestro pa\u00eds, contribuye para que las nuevas generaciones siembren en sus corazones la idea de un mundo mejor.<\/p>\n<p><img decoding=\"async\" src=\"https:\/\/laarboleda.edu.co\/wp-content\/uploads\/sites\/34\/2025\/01\/IMG_0387-1-scaled.jpg\" alt=\"IMG_0387\" width=\"5184\" style=\"width: 5184px\"><\/p>\n<p>Los estudiantes escribieron ideas para el cuidado del r\u00edo Pance y sobre la ciudad que se sue\u00f1an en el futuro.<\/p>\n<p><img decoding=\"async\" src=\"https:\/\/laarboleda.edu.co\/wp-content\/uploads\/sites\/34\/2025\/01\/IMG_0369-2-scaled.jpg\" alt=\"IMG_0369\" width=\"5184\" style=\"width: 5184px\"><\/p>\n<p>&nbsp;<\/p>\n<p><\/span><\/p>\n","protected":false},"excerpt":{"rendered":"<p>Con la participaci\u00f3n del consejo estudiantil y estudiantes de las secciones de Middle School y High School, la Secretar\u00eda de Paz y Cultura Ciudadana adelant\u00f3 una jornada para recibir inquietudes y propuestas de nuestros estudiantes, para la construcci\u00f3n del Plan de Desarrollo 2020-2023.<\/p>\n","protected":false},"featured_media":686,"template":"","class_list":["post-666","school-news","type-school-news","status-publish","has-post-thumbnail","hentry"],"acf":[],"yoast_head":"<!-- This site is optimized with the Yoast SEO plugin v27.1.1 - https:\/\/yoast.com\/product\/yoast-seo-wordpress\/ -->\n<title>Estudiantes del Colegio la Arboleda tambi\u00e9n construyen el Plan de Desarrollo 2020-2023 de nuestra ciudad. - Arboleda School | International School Cali<\/title>\n<meta name=\"robots\" content=\"index, follow, max-snippet:-1, max-image-preview:large, max-video-preview:-1\" \/>\n<link rel=\"canonical\" href=\"https:\/\/laarboleda.edu.co\/es\/school-news\/estudiantes-del-colegio-la-arboleda-tambien-construyen-el-plan-de-desarrollo-2020-2023-de-nuestra-ciudad\/\" \/>\n<meta property=\"og:locale\" content=\"es_ES\" \/>\n<meta property=\"og:type\" content=\"article\" \/>\n<meta property=\"og:title\" content=\"Estudiantes del Colegio la Arboleda tambi\u00e9n construyen el Plan de Desarrollo 2020-2023 de nuestra ciudad. - Arboleda School | International School Cali\" \/>\n<meta property=\"og:description\" content=\"Con la participaci\u00f3n del consejo estudiantil y estudiantes de las secciones de Middle School y High School, la Secretar\u00eda de Paz y Cultura Ciudadana adelant\u00f3 una jornada para recibir inquietudes y propuestas de nuestros estudiantes, para la construcci\u00f3n del Plan de Desarrollo 2020-2023.\" \/>\n<meta property=\"og:url\" content=\"https:\/\/laarboleda.edu.co\/es\/school-news\/estudiantes-del-colegio-la-arboleda-tambien-construyen-el-plan-de-desarrollo-2020-2023-de-nuestra-ciudad\/\" \/>\n<meta property=\"og:site_name\" content=\"Arboleda School | International School Cali\" \/>\n<meta property=\"article:publisher\" content=\"https:\/\/www.facebook.com\/colegiolaarboleda\/\" \/>\n<meta property=\"og:image\" content=\"https:\/\/laarboleda.edu.co\/wp-content\/uploads\/sites\/34\/2025\/01\/IMG_0357-Feb-27-2024-08-31-12-0513-PM-scaled.jpg\" \/>\n<meta name=\"twitter:card\" content=\"summary_large_image\" \/>\n<meta name=\"twitter:label1\" content=\"Tiempo de lectura\" \/>\n\t<meta name=\"twitter:data1\" content=\"1 minuto\" \/>\n<script type=\"application\/ld+json\" class=\"yoast-schema-graph\">{\"@context\":\"https:\/\/schema.org\",\"@graph\":[{\"@type\":\"WebPage\",\"@id\":\"https:\/\/laarboleda.edu.co\/es\/school-news\/estudiantes-del-colegio-la-arboleda-tambien-construyen-el-plan-de-desarrollo-2020-2023-de-nuestra-ciudad\/\",\"url\":\"https:\/\/laarboleda.edu.co\/es\/school-news\/estudiantes-del-colegio-la-arboleda-tambien-construyen-el-plan-de-desarrollo-2020-2023-de-nuestra-ciudad\/\",\"name\":\"Estudiantes del Colegio la Arboleda tambi\u00e9n construyen el Plan de Desarrollo 2020-2023 de nuestra ciudad. - Arboleda School | International School Cali\",\"isPartOf\":{\"@id\":\"https:\/\/laarboleda.edu.co\/es\/#website\"},\"primaryImageOfPage\":{\"@id\":\"https:\/\/laarboleda.edu.co\/es\/school-news\/estudiantes-del-colegio-la-arboleda-tambien-construyen-el-plan-de-desarrollo-2020-2023-de-nuestra-ciudad\/#primaryimage\"},\"image\":{\"@id\":\"https:\/\/laarboleda.edu.co\/es\/school-news\/estudiantes-del-colegio-la-arboleda-tambien-construyen-el-plan-de-desarrollo-2020-2023-de-nuestra-ciudad\/#primaryimage\"},\"thumbnailUrl\":\"https:\/\/laarboleda.edu.co\/wp-content\/uploads\/sites\/34\/2025\/01\/IMG_0357-1-scaled-1.jpg\",\"datePublished\":\"2024-05-15T22:05:54+00:00\",\"breadcrumb\":{\"@id\":\"https:\/\/laarboleda.edu.co\/es\/school-news\/estudiantes-del-colegio-la-arboleda-tambien-construyen-el-plan-de-desarrollo-2020-2023-de-nuestra-ciudad\/#breadcrumb\"},\"inLanguage\":\"es\",\"potentialAction\":[{\"@type\":\"ReadAction\",\"target\":[\"https:\/\/laarboleda.edu.co\/es\/school-news\/estudiantes-del-colegio-la-arboleda-tambien-construyen-el-plan-de-desarrollo-2020-2023-de-nuestra-ciudad\/\"]}]},{\"@type\":\"ImageObject\",\"inLanguage\":\"es\",\"@id\":\"https:\/\/laarboleda.edu.co\/es\/school-news\/estudiantes-del-colegio-la-arboleda-tambien-construyen-el-plan-de-desarrollo-2020-2023-de-nuestra-ciudad\/#primaryimage\",\"url\":\"https:\/\/laarboleda.edu.co\/wp-content\/uploads\/sites\/34\/2025\/01\/IMG_0357-1-scaled-1.jpg\",\"contentUrl\":\"https:\/\/laarboleda.edu.co\/wp-content\/uploads\/sites\/34\/2025\/01\/IMG_0357-1-scaled-1.jpg\",\"width\":2560,\"height\":1707},{\"@type\":\"BreadcrumbList\",\"@id\":\"https:\/\/laarboleda.edu.co\/es\/school-news\/estudiantes-del-colegio-la-arboleda-tambien-construyen-el-plan-de-desarrollo-2020-2023-de-nuestra-ciudad\/#breadcrumb\",\"itemListElement\":[{\"@type\":\"ListItem\",\"position\":1,\"name\":\"Home\",\"item\":\"https:\/\/laarboleda.edu.co\/es\/\"},{\"@type\":\"ListItem\",\"position\":2,\"name\":\"Estudiantes del Colegio la Arboleda tambi\u00e9n construyen el Plan de Desarrollo 2020-2023 de nuestra ciudad.\"}]},{\"@type\":\"WebSite\",\"@id\":\"https:\/\/laarboleda.edu.co\/es\/#website\",\"url\":\"https:\/\/laarboleda.edu.co\/es\/\",\"name\":\"Arboleda School | International School Cali\",\"description\":\"Nos enfocamos en el desarrollo del ser y en el respeto a las diferencias. Adem\u00e1s, somos un colegio biling\u00fce (ingl\u00e9s y espa\u00f1ol, y franc\u00e9s como tercera lengua) de excelencia acad\u00e9mica y contamos con un curr\u00edculo internacional que permite intercambios internacionales a Canad\u00e1, Reino Unido, USA y Francia, as\u00ed como asesor\u00eda estudiantil para estudios superiores en el exterior.\",\"publisher\":{\"@id\":\"https:\/\/laarboleda.edu.co\/es\/#organization\"},\"potentialAction\":[{\"@type\":\"SearchAction\",\"target\":{\"@type\":\"EntryPoint\",\"urlTemplate\":\"https:\/\/laarboleda.edu.co\/es\/?s={search_term_string}\"},\"query-input\":{\"@type\":\"PropertyValueSpecification\",\"valueRequired\":true,\"valueName\":\"search_term_string\"}}],\"inLanguage\":\"es\"},{\"@type\":\"Organization\",\"@id\":\"https:\/\/laarboleda.edu.co\/es\/#organization\",\"name\":\"Arboleda School | International School Cali\",\"url\":\"https:\/\/laarboleda.edu.co\/es\/\",\"logo\":{\"@type\":\"ImageObject\",\"inLanguage\":\"es\",\"@id\":\"https:\/\/laarboleda.edu.co\/es\/#\/schema\/logo\/image\/\",\"url\":\"https:\/\/laarboleda.edu.co\/wp-content\/uploads\/sites\/34\/2024\/11\/cropped-LogoArboleda-2.png\",\"contentUrl\":\"https:\/\/laarboleda.edu.co\/wp-content\/uploads\/sites\/34\/2024\/11\/cropped-LogoArboleda-2.png\",\"width\":808,\"height\":388,\"caption\":\"Arboleda School | International School Cali\"},\"image\":{\"@id\":\"https:\/\/laarboleda.edu.co\/es\/#\/schema\/logo\/image\/\"},\"sameAs\":[\"https:\/\/www.facebook.com\/colegiolaarboleda\/\",\"https:\/\/www.instagram.com\/colegiolaarboleda\/\",\"https:\/\/www.youtube.com\/@ColegioLaArboledaCali\",\"https:\/\/www.linkedin.com\/company\/colegio-la-arboleda\"]}]}<\/script>\n<!-- \/ Yoast SEO plugin. -->","yoast_head_json":{"title":"Estudiantes del Colegio la Arboleda tambi\u00e9n construyen el Plan de Desarrollo 2020-2023 de nuestra ciudad. - Arboleda School | International School Cali","robots":{"index":"index","follow":"follow","max-snippet":"max-snippet:-1","max-image-preview":"max-image-preview:large","max-video-preview":"max-video-preview:-1"},"canonical":"https:\/\/laarboleda.edu.co\/es\/school-news\/estudiantes-del-colegio-la-arboleda-tambien-construyen-el-plan-de-desarrollo-2020-2023-de-nuestra-ciudad\/","og_locale":"es_ES","og_type":"article","og_title":"Estudiantes del Colegio la Arboleda tambi\u00e9n construyen el Plan de Desarrollo 2020-2023 de nuestra ciudad. - Arboleda School | International School Cali","og_description":"Con la participaci\u00f3n del consejo estudiantil y estudiantes de las secciones de Middle School y High School, la Secretar\u00eda de Paz y Cultura Ciudadana adelant\u00f3 una jornada para recibir inquietudes y propuestas de nuestros estudiantes, para la construcci\u00f3n del Plan de Desarrollo 2020-2023.","og_url":"https:\/\/laarboleda.edu.co\/es\/school-news\/estudiantes-del-colegio-la-arboleda-tambien-construyen-el-plan-de-desarrollo-2020-2023-de-nuestra-ciudad\/","og_site_name":"Arboleda School | International School Cali","article_publisher":"https:\/\/www.facebook.com\/colegiolaarboleda\/","og_image":[{"url":"https:\/\/laarboleda.edu.co\/wp-content\/uploads\/sites\/34\/2025\/01\/IMG_0357-Feb-27-2024-08-31-12-0513-PM-scaled.jpg","type":"","width":"","height":""}],"twitter_card":"summary_large_image","twitter_misc":{"Tiempo de lectura":"1 minuto"},"schema":{"@context":"https:\/\/schema.org","@graph":[{"@type":"WebPage","@id":"https:\/\/laarboleda.edu.co\/es\/school-news\/estudiantes-del-colegio-la-arboleda-tambien-construyen-el-plan-de-desarrollo-2020-2023-de-nuestra-ciudad\/","url":"https:\/\/laarboleda.edu.co\/es\/school-news\/estudiantes-del-colegio-la-arboleda-tambien-construyen-el-plan-de-desarrollo-2020-2023-de-nuestra-ciudad\/","name":"Estudiantes del Colegio la Arboleda tambi\u00e9n construyen el Plan de Desarrollo 2020-2023 de nuestra ciudad. - Arboleda School | International School Cali","isPartOf":{"@id":"https:\/\/laarboleda.edu.co\/es\/#website"},"primaryImageOfPage":{"@id":"https:\/\/laarboleda.edu.co\/es\/school-news\/estudiantes-del-colegio-la-arboleda-tambien-construyen-el-plan-de-desarrollo-2020-2023-de-nuestra-ciudad\/#primaryimage"},"image":{"@id":"https:\/\/laarboleda.edu.co\/es\/school-news\/estudiantes-del-colegio-la-arboleda-tambien-construyen-el-plan-de-desarrollo-2020-2023-de-nuestra-ciudad\/#primaryimage"},"thumbnailUrl":"https:\/\/laarboleda.edu.co\/wp-content\/uploads\/sites\/34\/2025\/01\/IMG_0357-1-scaled-1.jpg","datePublished":"2024-05-15T22:05:54+00:00","breadcrumb":{"@id":"https:\/\/laarboleda.edu.co\/es\/school-news\/estudiantes-del-colegio-la-arboleda-tambien-construyen-el-plan-de-desarrollo-2020-2023-de-nuestra-ciudad\/#breadcrumb"},"inLanguage":"es","potentialAction":[{"@type":"ReadAction","target":["https:\/\/laarboleda.edu.co\/es\/school-news\/estudiantes-del-colegio-la-arboleda-tambien-construyen-el-plan-de-desarrollo-2020-2023-de-nuestra-ciudad\/"]}]},{"@type":"ImageObject","inLanguage":"es","@id":"https:\/\/laarboleda.edu.co\/es\/school-news\/estudiantes-del-colegio-la-arboleda-tambien-construyen-el-plan-de-desarrollo-2020-2023-de-nuestra-ciudad\/#primaryimage","url":"https:\/\/laarboleda.edu.co\/wp-content\/uploads\/sites\/34\/2025\/01\/IMG_0357-1-scaled-1.jpg","contentUrl":"https:\/\/laarboleda.edu.co\/wp-content\/uploads\/sites\/34\/2025\/01\/IMG_0357-1-scaled-1.jpg","width":2560,"height":1707},{"@type":"BreadcrumbList","@id":"https:\/\/laarboleda.edu.co\/es\/school-news\/estudiantes-del-colegio-la-arboleda-tambien-construyen-el-plan-de-desarrollo-2020-2023-de-nuestra-ciudad\/#breadcrumb","itemListElement":[{"@type":"ListItem","position":1,"name":"Home","item":"https:\/\/laarboleda.edu.co\/es\/"},{"@type":"ListItem","position":2,"name":"Estudiantes del Colegio la Arboleda tambi\u00e9n construyen el Plan de Desarrollo 2020-2023 de nuestra ciudad."}]},{"@type":"WebSite","@id":"https:\/\/laarboleda.edu.co\/es\/#website","url":"https:\/\/laarboleda.edu.co\/es\/","name":"Arboleda School | International School Cali","description":"Nos enfocamos en el desarrollo del ser y en el respeto a las diferencias. Adem\u00e1s, somos un colegio biling\u00fce (ingl\u00e9s y espa\u00f1ol, y franc\u00e9s como tercera lengua) de excelencia acad\u00e9mica y contamos con un curr\u00edculo internacional que permite intercambios internacionales a Canad\u00e1, Reino Unido, USA y Francia, as\u00ed como asesor\u00eda estudiantil para estudios superiores en el exterior.","publisher":{"@id":"https:\/\/laarboleda.edu.co\/es\/#organization"},"potentialAction":[{"@type":"SearchAction","target":{"@type":"EntryPoint","urlTemplate":"https:\/\/laarboleda.edu.co\/es\/?s={search_term_string}"},"query-input":{"@type":"PropertyValueSpecification","valueRequired":true,"valueName":"search_term_string"}}],"inLanguage":"es"},{"@type":"Organization","@id":"https:\/\/laarboleda.edu.co\/es\/#organization","name":"Arboleda School | International School Cali","url":"https:\/\/laarboleda.edu.co\/es\/","logo":{"@type":"ImageObject","inLanguage":"es","@id":"https:\/\/laarboleda.edu.co\/es\/#\/schema\/logo\/image\/","url":"https:\/\/laarboleda.edu.co\/wp-content\/uploads\/sites\/34\/2024\/11\/cropped-LogoArboleda-2.png","contentUrl":"https:\/\/laarboleda.edu.co\/wp-content\/uploads\/sites\/34\/2024\/11\/cropped-LogoArboleda-2.png","width":808,"height":388,"caption":"Arboleda School | International School Cali"},"image":{"@id":"https:\/\/laarboleda.edu.co\/es\/#\/schema\/logo\/image\/"},"sameAs":["https:\/\/www.facebook.com\/colegiolaarboleda\/","https:\/\/www.instagram.com\/colegiolaarboleda\/","https:\/\/www.youtube.com\/@ColegioLaArboledaCali","https:\/\/www.linkedin.com\/company\/colegio-la-arboleda"]}]}},"jetpack_sharing_enabled":true,"_links":{"self":[{"href":"https:\/\/laarboleda.edu.co\/es\/wp-json\/wp\/v2\/school-news\/666","targetHints":{"allow":["GET"]}}],"collection":[{"href":"https:\/\/laarboleda.edu.co\/es\/wp-json\/wp\/v2\/school-news"}],"about":[{"href":"https:\/\/laarboleda.edu.co\/es\/wp-json\/wp\/v2\/types\/school-news"}],"version-history":[{"count":0,"href":"https:\/\/laarboleda.edu.co\/es\/wp-json\/wp\/v2\/school-news\/666\/revisions"}],"wp:featuredmedia":[{"embeddable":true,"href":"https:\/\/laarboleda.edu.co\/es\/wp-json\/wp\/v2\/media\/686"}],"wp:attachment":[{"href":"https:\/\/laarboleda.edu.co\/es\/wp-json\/wp\/v2\/media?parent=666"}],"curies":[{"name":"wp","href":"https:\/\/api.w.org\/{rel}","templated":true}]}}