{"id":646,"date":"2024-05-15T22:07:58","date_gmt":"2024-05-15T22:07:58","guid":{"rendered":"https:\/\/qrealo.cl\/laarboleda\/index.php\/2024\/05\/15\/el-modelo-onu-formacion-conciencia-y-debate\/"},"modified":"2024-05-15T22:07:58","modified_gmt":"2024-05-15T22:07:58","slug":"el-modelo-onu-formacion-conciencia-y-debate","status":"publish","type":"school-news","link":"https:\/\/laarboleda.edu.co\/es\/school-news\/el-modelo-onu-formacion-conciencia-y-debate\/","title":{"rendered":"El Modelo\u00a0 ONU: formaci\u00f3n, conciencia y debate"},"content":{"rendered":"<p><span id=\"hs_cos_wrapper_post_body\" class=\"hs_cos_wrapper hs_cos_wrapper_meta_field hs_cos_wrapper_type_rich_text\" data-hs-cos-general-type=\"meta_field\" data-hs-cos-type=\"rich_text\"><\/p>\n<p>El Modelo de Naciones Unidas (MUN), en el Colegio La Arboleda, al igual que otros modelos en el \u00e1mbito nacional y mundial es una aut\u00e9ntica simulaci\u00f3n de la Asamblea General de la Organizaci\u00f3n de las Naciones Unidas (ONU), que permite a los estudiantes adentrarse en el mundo de la diplomacia. Ejemplo de ello, es la participaci\u00f3n de la delegaci\u00f3n de estudiantes de diversos grados de La Arboleda en diferentes eventos ONU que se desarrollaron en d\u00edas pasados en el Vermont School de Medell\u00edn, en el&nbsp; New Cambridge de Bucaramanga, en la Universidad Icesi, entre otros.<\/p>\n<p> <!--more--><\/p>\n<p>Durante esta participaci\u00f3n las estudiantes&nbsp;Mariana Cer\u00f3n y&nbsp; Laura Moriones ganaron como mejores delegadas;&nbsp;Samuel Narv\u00e1ez recibi\u00f3 el premio al mejor uso del lenguaje parlamentario y&nbsp;Bernardo Murgueitio&nbsp; recibi\u00f3 tres&nbsp;premios y reconocimientos&nbsp; por su papel como presidente de comisi\u00f3n; todos participantes del modelo en el New Cambridge de Bucaramanga.<\/p>\n<p><a href=\"https:\/\/6240508.fs1.hubspotusercontent-na1.net\/hubfs\/6240508\/Imported_Blog_Media\/WhatsApp-Image-2019-03-22-at-4_38_43-PM.jpeg\"><img fetchpriority=\"high\" decoding=\"async\" class=\"wp-image-11605 aligncenter\" src=\"https:\/\/laarboleda.edu.co\/wp-content\/uploads\/sites\/34\/2025\/01\/WhatsApp-Image-2019-03-22-at-4_38_43-PM-1024x768-1.jpeg\" alt=\"\" width=\"654\" height=\"491\"><\/a><\/p>\n<p><strong>El modelo en La Arboleda<\/strong><\/p>\n<p>En el MUN los estudiantes arboleda pasan a ocupar el lugar de embajadores de pa\u00edses miembros de Naciones Unidas, de Afganist\u00e1n a Zimbabwe, para debatir los temas de actualidad de la amplia agenda de la ONU. Los estudiantes son conocidos como delegados y preparan borradores de resoluciones, estrategias argumentativas, negocian con aliados y adversarios, resuelven conflictos utilizando siempre las reglas del Procedimiento de Naciones Unidas, con la intenci\u00f3n de movilizar la cooperaci\u00f3n Internacional para resolver los problemas que afectan a casi todos los pa\u00edses.<\/p>\n<p>Antes de comenzar a interpretar sus &#8220;roles&#8221; de embajadores en el MUN, en las diferentes convocatorias a nivel nacional (colegios y universidades) los estudiantes realizan una investigaci\u00f3n acerca de los problemas a tratar. Los temas se extraen de los titulares de la actualidad. Los participantes del MUN aprenden como act\u00faa la Comunidad Internacional en lo concerniente a:<\/p>\n<ul>\n<li>Paz y Seguridad<\/li>\n<li>Derechos Humanos<\/li>\n<li>Medio Ambiente<\/li>\n<li>Alimentaci\u00f3n y Hambruna<\/li>\n<li>Desarrollo Econ\u00f3mico<\/li>\n<li>Globalizaci\u00f3n<\/li>\n<\/ul>\n<p>Los delegados del MUN tambi\u00e9n estudian de cerca y profundamente las necesidades, aspiraciones y pol\u00edtica exterior del pa\u00eds al que representar\u00e1n en el evento. Los conocimientos sobre: historia, geograf\u00eda, matem\u00e1ticas, cultura, econom\u00eda, ciencias. Estos elementos contribuyen a la autenticidad de la simulaci\u00f3n una vez que el juego ha comenzado, y aseguran una experiencia divertida y memorable.<\/p>\n<p><strong>Estrategia para el desarrollo de habilidades&nbsp;<\/strong><\/p>\n<p>En el Colegio La Arboleda esta estrategia comenz\u00f3 en el 2017, inicialmente como un modelo interno. Actualmente, 32 estudiantes hacen parte del semillero, de los cuales 15 est\u00e1n en escuela alta de MUN.<\/p>\n<p>Profesores y alumnos se han beneficiado y disfrutado de esta experiencia de aprendizaje interactiva, que no solo involucra a gente joven en el estudio y la discusi\u00f3n de temas globales, sino que tambi\u00e9n fomenta el desarrollo de habilidades \u00fatiles a lo largo de sus vidas como: investigaci\u00f3n, redacci\u00f3n, oratoria, resoluci\u00f3n de problemas, edificaci\u00f3n de consensos, resoluci\u00f3n de conflictos, compromiso y cooperaci\u00f3n.<\/p>\n<p>Para Dora Garz\u00f3n, Coordinadora Pedag\u00f3gica del Colegio La Arboleda, el Modelo MUN es una construcci\u00f3n colectiva y su \u00e9xito no depende simplemente del trabajo de sus organizadores sino tambi\u00e9n de la voluntad de sus Delegados. \u201cNo debe entenderse como apenas un servicio prestado por quienes lo coordinan. Un Modelo es un espacio de formaci\u00f3n, de generaci\u00f3n de conciencia y de debate con miras a encontrar respuestas a los grandes problemas de la agenda global. Todo ello no se lograr\u00eda si no aportasen su grano de arena tanto las Autoridades como los participantes, e incluso los docentes que pudieran haber acompa\u00f1ado en el proceso preparativo\u201d.<\/p>\n<p><\/span><\/p>\n","protected":false},"excerpt":{"rendered":"<p>El Modelo de Naciones Unidas (MUN), en el Colegio La Arboleda, al igual que otros modelos en el \u00e1mbito nacional y mundial es una aut\u00e9ntica simulaci\u00f3n de la Asamblea General de la Organizaci\u00f3n de las Naciones Unidas (ONU), que permite a los estudiantes adentrarse en el mundo de la diplomacia.<\/p>\n","protected":false},"featured_media":649,"template":"","class_list":["post-646","school-news","type-school-news","status-publish","has-post-thumbnail","hentry"],"acf":[],"yoast_head":"<!-- This site is optimized with the Yoast SEO plugin v27.1.1 - https:\/\/yoast.com\/product\/yoast-seo-wordpress\/ -->\n<title>El Modelo\u00a0 ONU: formaci\u00f3n, conciencia y debate - Arboleda School | International School Cali<\/title>\n<meta name=\"robots\" content=\"index, follow, max-snippet:-1, max-image-preview:large, max-video-preview:-1\" \/>\n<link rel=\"canonical\" href=\"https:\/\/laarboleda.edu.co\/es\/school-news\/el-modelo-onu-formacion-conciencia-y-debate\/\" \/>\n<meta property=\"og:locale\" content=\"es_ES\" \/>\n<meta property=\"og:type\" content=\"article\" \/>\n<meta property=\"og:title\" content=\"El Modelo\u00a0 ONU: formaci\u00f3n, conciencia y debate - Arboleda School | International School Cali\" \/>\n<meta property=\"og:description\" content=\"El Modelo de Naciones Unidas (MUN), en el Colegio La Arboleda, al igual que otros modelos en el \u00e1mbito nacional y mundial es una aut\u00e9ntica simulaci\u00f3n de la Asamblea General de la Organizaci\u00f3n de las Naciones Unidas (ONU), que permite a los estudiantes adentrarse en el mundo de la diplomacia.\" \/>\n<meta property=\"og:url\" content=\"https:\/\/laarboleda.edu.co\/es\/school-news\/el-modelo-onu-formacion-conciencia-y-debate\/\" \/>\n<meta property=\"og:site_name\" content=\"Arboleda School | International School Cali\" \/>\n<meta property=\"article:publisher\" content=\"https:\/\/www.facebook.com\/colegiolaarboleda\/\" \/>\n<meta property=\"og:image\" content=\"https:\/\/laarboleda.edu.co\/wp-content\/uploads\/sites\/34\/2024\/11\/cropped-LogoArboleda-2.png\" \/>\n\t<meta property=\"og:image:width\" content=\"808\" \/>\n\t<meta property=\"og:image:height\" content=\"388\" \/>\n\t<meta property=\"og:image:type\" content=\"image\/png\" \/>\n<meta name=\"twitter:card\" content=\"summary_large_image\" \/>\n<meta name=\"twitter:label1\" content=\"Tiempo de lectura\" \/>\n\t<meta name=\"twitter:data1\" content=\"3 minutos\" \/>\n<script type=\"application\/ld+json\" class=\"yoast-schema-graph\">{\"@context\":\"https:\/\/schema.org\",\"@graph\":[{\"@type\":\"WebPage\",\"@id\":\"https:\/\/laarboleda.edu.co\/es\/school-news\/el-modelo-onu-formacion-conciencia-y-debate\/\",\"url\":\"https:\/\/laarboleda.edu.co\/es\/school-news\/el-modelo-onu-formacion-conciencia-y-debate\/\",\"name\":\"El Modelo\u00a0 ONU: formaci\u00f3n, conciencia y debate - Arboleda School | International School Cali\",\"isPartOf\":{\"@id\":\"https:\/\/laarboleda.edu.co\/es\/#website\"},\"primaryImageOfPage\":{\"@id\":\"https:\/\/laarboleda.edu.co\/es\/school-news\/el-modelo-onu-formacion-conciencia-y-debate\/#primaryimage\"},\"image\":{\"@id\":\"https:\/\/laarboleda.edu.co\/es\/school-news\/el-modelo-onu-formacion-conciencia-y-debate\/#primaryimage\"},\"thumbnailUrl\":\"https:\/\/laarboleda.edu.co\/wp-content\/uploads\/sites\/34\/2025\/01\/Nunidas.jpeg\",\"datePublished\":\"2024-05-15T22:07:58+00:00\",\"breadcrumb\":{\"@id\":\"https:\/\/laarboleda.edu.co\/es\/school-news\/el-modelo-onu-formacion-conciencia-y-debate\/#breadcrumb\"},\"inLanguage\":\"es\",\"potentialAction\":[{\"@type\":\"ReadAction\",\"target\":[\"https:\/\/laarboleda.edu.co\/es\/school-news\/el-modelo-onu-formacion-conciencia-y-debate\/\"]}]},{\"@type\":\"ImageObject\",\"inLanguage\":\"es\",\"@id\":\"https:\/\/laarboleda.edu.co\/es\/school-news\/el-modelo-onu-formacion-conciencia-y-debate\/#primaryimage\",\"url\":\"https:\/\/laarboleda.edu.co\/wp-content\/uploads\/sites\/34\/2025\/01\/Nunidas.jpeg\",\"contentUrl\":\"https:\/\/laarboleda.edu.co\/wp-content\/uploads\/sites\/34\/2025\/01\/Nunidas.jpeg\",\"width\":640,\"height\":480},{\"@type\":\"BreadcrumbList\",\"@id\":\"https:\/\/laarboleda.edu.co\/es\/school-news\/el-modelo-onu-formacion-conciencia-y-debate\/#breadcrumb\",\"itemListElement\":[{\"@type\":\"ListItem\",\"position\":1,\"name\":\"Home\",\"item\":\"https:\/\/laarboleda.edu.co\/es\/\"},{\"@type\":\"ListItem\",\"position\":2,\"name\":\"El Modelo\u00a0 ONU: formaci\u00f3n, conciencia y debate\"}]},{\"@type\":\"WebSite\",\"@id\":\"https:\/\/laarboleda.edu.co\/es\/#website\",\"url\":\"https:\/\/laarboleda.edu.co\/es\/\",\"name\":\"Arboleda School | International School Cali\",\"description\":\"Nos enfocamos en el desarrollo del ser y en el respeto a las diferencias. Adem\u00e1s, somos un colegio biling\u00fce (ingl\u00e9s y espa\u00f1ol, y franc\u00e9s como tercera lengua) de excelencia acad\u00e9mica y contamos con un curr\u00edculo internacional que permite intercambios internacionales a Canad\u00e1, Reino Unido, USA y Francia, as\u00ed como asesor\u00eda estudiantil para estudios superiores en el exterior.\",\"publisher\":{\"@id\":\"https:\/\/laarboleda.edu.co\/es\/#organization\"},\"potentialAction\":[{\"@type\":\"SearchAction\",\"target\":{\"@type\":\"EntryPoint\",\"urlTemplate\":\"https:\/\/laarboleda.edu.co\/es\/?s={search_term_string}\"},\"query-input\":{\"@type\":\"PropertyValueSpecification\",\"valueRequired\":true,\"valueName\":\"search_term_string\"}}],\"inLanguage\":\"es\"},{\"@type\":\"Organization\",\"@id\":\"https:\/\/laarboleda.edu.co\/es\/#organization\",\"name\":\"Arboleda School | International School Cali\",\"url\":\"https:\/\/laarboleda.edu.co\/es\/\",\"logo\":{\"@type\":\"ImageObject\",\"inLanguage\":\"es\",\"@id\":\"https:\/\/laarboleda.edu.co\/es\/#\/schema\/logo\/image\/\",\"url\":\"https:\/\/laarboleda.edu.co\/wp-content\/uploads\/sites\/34\/2024\/11\/cropped-LogoArboleda-2.png\",\"contentUrl\":\"https:\/\/laarboleda.edu.co\/wp-content\/uploads\/sites\/34\/2024\/11\/cropped-LogoArboleda-2.png\",\"width\":808,\"height\":388,\"caption\":\"Arboleda School | International School Cali\"},\"image\":{\"@id\":\"https:\/\/laarboleda.edu.co\/es\/#\/schema\/logo\/image\/\"},\"sameAs\":[\"https:\/\/www.facebook.com\/colegiolaarboleda\/\",\"https:\/\/www.instagram.com\/colegiolaarboleda\/\",\"https:\/\/www.youtube.com\/@ColegioLaArboledaCali\",\"https:\/\/www.linkedin.com\/company\/colegio-la-arboleda\"]}]}<\/script>\n<!-- \/ Yoast SEO plugin. -->","yoast_head_json":{"title":"El Modelo\u00a0 ONU: formaci\u00f3n, conciencia y debate - Arboleda School | International School Cali","robots":{"index":"index","follow":"follow","max-snippet":"max-snippet:-1","max-image-preview":"max-image-preview:large","max-video-preview":"max-video-preview:-1"},"canonical":"https:\/\/laarboleda.edu.co\/es\/school-news\/el-modelo-onu-formacion-conciencia-y-debate\/","og_locale":"es_ES","og_type":"article","og_title":"El Modelo\u00a0 ONU: formaci\u00f3n, conciencia y debate - Arboleda School | International School Cali","og_description":"El Modelo de Naciones Unidas (MUN), en el Colegio La Arboleda, al igual que otros modelos en el \u00e1mbito nacional y mundial es una aut\u00e9ntica simulaci\u00f3n de la Asamblea General de la Organizaci\u00f3n de las Naciones Unidas (ONU), que permite a los estudiantes adentrarse en el mundo de la diplomacia.","og_url":"https:\/\/laarboleda.edu.co\/es\/school-news\/el-modelo-onu-formacion-conciencia-y-debate\/","og_site_name":"Arboleda School | International School Cali","article_publisher":"https:\/\/www.facebook.com\/colegiolaarboleda\/","og_image":[{"width":808,"height":388,"url":"https:\/\/laarboleda.edu.co\/wp-content\/uploads\/sites\/34\/2024\/11\/cropped-LogoArboleda-2.png","type":"image\/png"}],"twitter_card":"summary_large_image","twitter_misc":{"Tiempo de lectura":"3 minutos"},"schema":{"@context":"https:\/\/schema.org","@graph":[{"@type":"WebPage","@id":"https:\/\/laarboleda.edu.co\/es\/school-news\/el-modelo-onu-formacion-conciencia-y-debate\/","url":"https:\/\/laarboleda.edu.co\/es\/school-news\/el-modelo-onu-formacion-conciencia-y-debate\/","name":"El Modelo\u00a0 ONU: formaci\u00f3n, conciencia y debate - Arboleda School | International School Cali","isPartOf":{"@id":"https:\/\/laarboleda.edu.co\/es\/#website"},"primaryImageOfPage":{"@id":"https:\/\/laarboleda.edu.co\/es\/school-news\/el-modelo-onu-formacion-conciencia-y-debate\/#primaryimage"},"image":{"@id":"https:\/\/laarboleda.edu.co\/es\/school-news\/el-modelo-onu-formacion-conciencia-y-debate\/#primaryimage"},"thumbnailUrl":"https:\/\/laarboleda.edu.co\/wp-content\/uploads\/sites\/34\/2025\/01\/Nunidas.jpeg","datePublished":"2024-05-15T22:07:58+00:00","breadcrumb":{"@id":"https:\/\/laarboleda.edu.co\/es\/school-news\/el-modelo-onu-formacion-conciencia-y-debate\/#breadcrumb"},"inLanguage":"es","potentialAction":[{"@type":"ReadAction","target":["https:\/\/laarboleda.edu.co\/es\/school-news\/el-modelo-onu-formacion-conciencia-y-debate\/"]}]},{"@type":"ImageObject","inLanguage":"es","@id":"https:\/\/laarboleda.edu.co\/es\/school-news\/el-modelo-onu-formacion-conciencia-y-debate\/#primaryimage","url":"https:\/\/laarboleda.edu.co\/wp-content\/uploads\/sites\/34\/2025\/01\/Nunidas.jpeg","contentUrl":"https:\/\/laarboleda.edu.co\/wp-content\/uploads\/sites\/34\/2025\/01\/Nunidas.jpeg","width":640,"height":480},{"@type":"BreadcrumbList","@id":"https:\/\/laarboleda.edu.co\/es\/school-news\/el-modelo-onu-formacion-conciencia-y-debate\/#breadcrumb","itemListElement":[{"@type":"ListItem","position":1,"name":"Home","item":"https:\/\/laarboleda.edu.co\/es\/"},{"@type":"ListItem","position":2,"name":"El Modelo\u00a0 ONU: formaci\u00f3n, conciencia y debate"}]},{"@type":"WebSite","@id":"https:\/\/laarboleda.edu.co\/es\/#website","url":"https:\/\/laarboleda.edu.co\/es\/","name":"Arboleda School | International School Cali","description":"Nos enfocamos en el desarrollo del ser y en el respeto a las diferencias. Adem\u00e1s, somos un colegio biling\u00fce (ingl\u00e9s y espa\u00f1ol, y franc\u00e9s como tercera lengua) de excelencia acad\u00e9mica y contamos con un curr\u00edculo internacional que permite intercambios internacionales a Canad\u00e1, Reino Unido, USA y Francia, as\u00ed como asesor\u00eda estudiantil para estudios superiores en el exterior.","publisher":{"@id":"https:\/\/laarboleda.edu.co\/es\/#organization"},"potentialAction":[{"@type":"SearchAction","target":{"@type":"EntryPoint","urlTemplate":"https:\/\/laarboleda.edu.co\/es\/?s={search_term_string}"},"query-input":{"@type":"PropertyValueSpecification","valueRequired":true,"valueName":"search_term_string"}}],"inLanguage":"es"},{"@type":"Organization","@id":"https:\/\/laarboleda.edu.co\/es\/#organization","name":"Arboleda School | International School Cali","url":"https:\/\/laarboleda.edu.co\/es\/","logo":{"@type":"ImageObject","inLanguage":"es","@id":"https:\/\/laarboleda.edu.co\/es\/#\/schema\/logo\/image\/","url":"https:\/\/laarboleda.edu.co\/wp-content\/uploads\/sites\/34\/2024\/11\/cropped-LogoArboleda-2.png","contentUrl":"https:\/\/laarboleda.edu.co\/wp-content\/uploads\/sites\/34\/2024\/11\/cropped-LogoArboleda-2.png","width":808,"height":388,"caption":"Arboleda School | International School Cali"},"image":{"@id":"https:\/\/laarboleda.edu.co\/es\/#\/schema\/logo\/image\/"},"sameAs":["https:\/\/www.facebook.com\/colegiolaarboleda\/","https:\/\/www.instagram.com\/colegiolaarboleda\/","https:\/\/www.youtube.com\/@ColegioLaArboledaCali","https:\/\/www.linkedin.com\/company\/colegio-la-arboleda"]}]}},"jetpack_sharing_enabled":true,"_links":{"self":[{"href":"https:\/\/laarboleda.edu.co\/es\/wp-json\/wp\/v2\/school-news\/646","targetHints":{"allow":["GET"]}}],"collection":[{"href":"https:\/\/laarboleda.edu.co\/es\/wp-json\/wp\/v2\/school-news"}],"about":[{"href":"https:\/\/laarboleda.edu.co\/es\/wp-json\/wp\/v2\/types\/school-news"}],"version-history":[{"count":0,"href":"https:\/\/laarboleda.edu.co\/es\/wp-json\/wp\/v2\/school-news\/646\/revisions"}],"wp:featuredmedia":[{"embeddable":true,"href":"https:\/\/laarboleda.edu.co\/es\/wp-json\/wp\/v2\/media\/649"}],"wp:attachment":[{"href":"https:\/\/laarboleda.edu.co\/es\/wp-json\/wp\/v2\/media?parent=646"}],"curies":[{"name":"wp","href":"https:\/\/api.w.org\/{rel}","templated":true}]}}