{"id":527,"date":"2024-05-15T22:09:39","date_gmt":"2024-05-15T22:09:39","guid":{"rendered":"https:\/\/qrealo.cl\/laarboleda\/index.php\/2024\/05\/15\/llega-la-semana-de-la-galletica-fundamor-en-la-arboleda\/"},"modified":"2024-05-15T22:09:39","modified_gmt":"2024-05-15T22:09:39","slug":"llega-la-semana-de-la-galletica-fundamor-en-la-arboleda","status":"publish","type":"school-news","link":"https:\/\/laarboleda.edu.co\/es\/school-news\/llega-la-semana-de-la-galletica-fundamor-en-la-arboleda\/","title":{"rendered":"Llega la semana de la Galletica FUNDAMOR en La Arboleda"},"content":{"rendered":"<p><span id=\"hs_cos_wrapper_post_body\" class=\"hs_cos_wrapper hs_cos_wrapper_meta_field hs_cos_wrapper_type_rich_text\" data-hs-cos-general-type=\"meta_field\" data-hs-cos-type=\"rich_text\"><\/p>\n<p>&nbsp;<\/p>\n<p> <!--more--><\/p>\n<p>Desde el 18 al 22 de febrero el <a href=\"http:\/\/www.laarboleda.edu.co\/\">Colegio La Arboleda<\/a> de Cali participa en la semana de la Galletica FUNDAMOR.<\/p>\n<p>Esta actividad re\u00fane a voluntarios de toda cuidad con el prop\u00f3sito de recaudar recursos econ\u00f3micos que permitan brindarle salud, protecci\u00f3n, educaci\u00f3n, recreaci\u00f3n y alimentaci\u00f3n a las m\u00e1s de 300 ni\u00f1as, ni\u00f1os, adolescentes y j\u00f3venes afectados en situaci\u00f3n de vulnerabilidad de Colombia que pertenecen a los programas de prevenci\u00f3n de la fundaci\u00f3n <a href=\"https:\/\/fundamor.org\/\">FUNDAMOR<\/a>.<\/p>\n<p>Los estudiantes de grado noveno, en su proceso de servicio social, han hecho parte de los talleres de sensibilizaci\u00f3n en FUNDAMOR. Por esta raz\u00f3n durante la semana los j\u00f3venes del colegio ofrecer\u00e1n las galleticas de la fundaci\u00f3n a padres, colaboradores y maestros de <a href=\"http:\/\/www.laarboleda.edu.co\/\">La Arboleda<\/a>.<\/p>\n<p><a href=\"https:\/\/6240508.fs1.hubspotusercontent-na1.net\/hubfs\/6240508\/Imported_Blog_Media\/WhatsApp-Image-2019-02-11-at-8_39_46-PM.jpeg\"><img fetchpriority=\"high\" decoding=\"async\" class=\"size-medium wp-image-11343 aligncenter\" src=\"https:\/\/laarboleda.edu.co\/wp-content\/uploads\/sites\/34\/2025\/01\/WhatsApp-Image-2019-02-11-at-8_39_46-PM-300x225-Feb-27-2024-08-38-05-8945-PM.jpeg\" alt=\"\" width=\"300\" height=\"225\"><\/a><\/p>\n<p><\/span><\/p>\n","protected":false},"excerpt":{"rendered":"<p>Llega la semana de la Galletica FUNDAMOR en La Arboleda<\/p>\n","protected":false},"featured_media":528,"template":"","class_list":["post-527","school-news","type-school-news","status-publish","has-post-thumbnail","hentry"],"acf":[],"yoast_head":"<!-- This site is optimized with the Yoast SEO plugin v27.1.1 - https:\/\/yoast.com\/product\/yoast-seo-wordpress\/ -->\n<title>Llega la semana de la Galletica FUNDAMOR en La Arboleda - Arboleda School | International School Cali<\/title>\n<meta name=\"robots\" content=\"index, follow, max-snippet:-1, max-image-preview:large, max-video-preview:-1\" \/>\n<link rel=\"canonical\" href=\"https:\/\/laarboleda.edu.co\/es\/school-news\/llega-la-semana-de-la-galletica-fundamor-en-la-arboleda\/\" \/>\n<meta property=\"og:locale\" content=\"es_ES\" \/>\n<meta property=\"og:type\" content=\"article\" \/>\n<meta property=\"og:title\" content=\"Llega la semana de la Galletica FUNDAMOR en La Arboleda - Arboleda School | International School Cali\" \/>\n<meta property=\"og:description\" content=\"Llega la semana de la Galletica FUNDAMOR en La Arboleda\" \/>\n<meta property=\"og:url\" content=\"https:\/\/laarboleda.edu.co\/es\/school-news\/llega-la-semana-de-la-galletica-fundamor-en-la-arboleda\/\" \/>\n<meta property=\"og:site_name\" content=\"Arboleda School | International School Cali\" \/>\n<meta property=\"article:publisher\" content=\"https:\/\/www.facebook.com\/colegiolaarboleda\/\" \/>\n<meta property=\"og:image\" content=\"https:\/\/laarboleda.edu.co\/wp-content\/uploads\/sites\/34\/2024\/11\/cropped-LogoArboleda-2.png\" \/>\n\t<meta property=\"og:image:width\" content=\"808\" \/>\n\t<meta property=\"og:image:height\" content=\"388\" \/>\n\t<meta property=\"og:image:type\" content=\"image\/png\" \/>\n<meta name=\"twitter:card\" content=\"summary_large_image\" \/>\n<meta name=\"twitter:label1\" content=\"Tiempo de lectura\" \/>\n\t<meta name=\"twitter:data1\" content=\"1 minuto\" \/>\n<script type=\"application\/ld+json\" class=\"yoast-schema-graph\">{\"@context\":\"https:\/\/schema.org\",\"@graph\":[{\"@type\":\"WebPage\",\"@id\":\"https:\/\/laarboleda.edu.co\/es\/school-news\/llega-la-semana-de-la-galletica-fundamor-en-la-arboleda\/\",\"url\":\"https:\/\/laarboleda.edu.co\/es\/school-news\/llega-la-semana-de-la-galletica-fundamor-en-la-arboleda\/\",\"name\":\"Llega la semana de la Galletica FUNDAMOR en La Arboleda - Arboleda School | International School Cali\",\"isPartOf\":{\"@id\":\"https:\/\/laarboleda.edu.co\/es\/#website\"},\"primaryImageOfPage\":{\"@id\":\"https:\/\/laarboleda.edu.co\/es\/school-news\/llega-la-semana-de-la-galletica-fundamor-en-la-arboleda\/#primaryimage\"},\"image\":{\"@id\":\"https:\/\/laarboleda.edu.co\/es\/school-news\/llega-la-semana-de-la-galletica-fundamor-en-la-arboleda\/#primaryimage\"},\"thumbnailUrl\":\"https:\/\/laarboleda.edu.co\/wp-content\/uploads\/sites\/34\/2025\/01\/WhatsApp-Image-2019-02-11-at-8_39_46-PM-300x225-Feb-27-2024-08-38-05-8945-PM.jpeg\",\"datePublished\":\"2024-05-15T22:09:39+00:00\",\"breadcrumb\":{\"@id\":\"https:\/\/laarboleda.edu.co\/es\/school-news\/llega-la-semana-de-la-galletica-fundamor-en-la-arboleda\/#breadcrumb\"},\"inLanguage\":\"es\",\"potentialAction\":[{\"@type\":\"ReadAction\",\"target\":[\"https:\/\/laarboleda.edu.co\/es\/school-news\/llega-la-semana-de-la-galletica-fundamor-en-la-arboleda\/\"]}]},{\"@type\":\"ImageObject\",\"inLanguage\":\"es\",\"@id\":\"https:\/\/laarboleda.edu.co\/es\/school-news\/llega-la-semana-de-la-galletica-fundamor-en-la-arboleda\/#primaryimage\",\"url\":\"https:\/\/laarboleda.edu.co\/wp-content\/uploads\/sites\/34\/2025\/01\/WhatsApp-Image-2019-02-11-at-8_39_46-PM-300x225-Feb-27-2024-08-38-05-8945-PM.jpeg\",\"contentUrl\":\"https:\/\/laarboleda.edu.co\/wp-content\/uploads\/sites\/34\/2025\/01\/WhatsApp-Image-2019-02-11-at-8_39_46-PM-300x225-Feb-27-2024-08-38-05-8945-PM.jpeg\",\"width\":300,\"height\":225},{\"@type\":\"BreadcrumbList\",\"@id\":\"https:\/\/laarboleda.edu.co\/es\/school-news\/llega-la-semana-de-la-galletica-fundamor-en-la-arboleda\/#breadcrumb\",\"itemListElement\":[{\"@type\":\"ListItem\",\"position\":1,\"name\":\"Home\",\"item\":\"https:\/\/laarboleda.edu.co\/es\/\"},{\"@type\":\"ListItem\",\"position\":2,\"name\":\"Llega la semana de la Galletica FUNDAMOR en La Arboleda\"}]},{\"@type\":\"WebSite\",\"@id\":\"https:\/\/laarboleda.edu.co\/es\/#website\",\"url\":\"https:\/\/laarboleda.edu.co\/es\/\",\"name\":\"Arboleda School | International School Cali\",\"description\":\"Nos enfocamos en el desarrollo del ser y en el respeto a las diferencias. Adem\u00e1s, somos un colegio biling\u00fce (ingl\u00e9s y espa\u00f1ol, y franc\u00e9s como tercera lengua) de excelencia acad\u00e9mica y contamos con un curr\u00edculo internacional que permite intercambios internacionales a Canad\u00e1, Reino Unido, USA y Francia, as\u00ed como asesor\u00eda estudiantil para estudios superiores en el exterior.\",\"publisher\":{\"@id\":\"https:\/\/laarboleda.edu.co\/es\/#organization\"},\"potentialAction\":[{\"@type\":\"SearchAction\",\"target\":{\"@type\":\"EntryPoint\",\"urlTemplate\":\"https:\/\/laarboleda.edu.co\/es\/?s={search_term_string}\"},\"query-input\":{\"@type\":\"PropertyValueSpecification\",\"valueRequired\":true,\"valueName\":\"search_term_string\"}}],\"inLanguage\":\"es\"},{\"@type\":\"Organization\",\"@id\":\"https:\/\/laarboleda.edu.co\/es\/#organization\",\"name\":\"Arboleda School | International School Cali\",\"url\":\"https:\/\/laarboleda.edu.co\/es\/\",\"logo\":{\"@type\":\"ImageObject\",\"inLanguage\":\"es\",\"@id\":\"https:\/\/laarboleda.edu.co\/es\/#\/schema\/logo\/image\/\",\"url\":\"https:\/\/laarboleda.edu.co\/wp-content\/uploads\/sites\/34\/2024\/11\/cropped-LogoArboleda-2.png\",\"contentUrl\":\"https:\/\/laarboleda.edu.co\/wp-content\/uploads\/sites\/34\/2024\/11\/cropped-LogoArboleda-2.png\",\"width\":808,\"height\":388,\"caption\":\"Arboleda School | International School Cali\"},\"image\":{\"@id\":\"https:\/\/laarboleda.edu.co\/es\/#\/schema\/logo\/image\/\"},\"sameAs\":[\"https:\/\/www.facebook.com\/colegiolaarboleda\/\",\"https:\/\/www.instagram.com\/colegiolaarboleda\/\",\"https:\/\/www.youtube.com\/@ColegioLaArboledaCali\",\"https:\/\/www.linkedin.com\/company\/colegio-la-arboleda\"]}]}<\/script>\n<!-- \/ Yoast SEO plugin. -->","yoast_head_json":{"title":"Llega la semana de la Galletica FUNDAMOR en La Arboleda - Arboleda School | International School Cali","robots":{"index":"index","follow":"follow","max-snippet":"max-snippet:-1","max-image-preview":"max-image-preview:large","max-video-preview":"max-video-preview:-1"},"canonical":"https:\/\/laarboleda.edu.co\/es\/school-news\/llega-la-semana-de-la-galletica-fundamor-en-la-arboleda\/","og_locale":"es_ES","og_type":"article","og_title":"Llega la semana de la Galletica FUNDAMOR en La Arboleda - Arboleda School | International School Cali","og_description":"Llega la semana de la Galletica FUNDAMOR en La Arboleda","og_url":"https:\/\/laarboleda.edu.co\/es\/school-news\/llega-la-semana-de-la-galletica-fundamor-en-la-arboleda\/","og_site_name":"Arboleda School | International School Cali","article_publisher":"https:\/\/www.facebook.com\/colegiolaarboleda\/","og_image":[{"width":808,"height":388,"url":"https:\/\/laarboleda.edu.co\/wp-content\/uploads\/sites\/34\/2024\/11\/cropped-LogoArboleda-2.png","type":"image\/png"}],"twitter_card":"summary_large_image","twitter_misc":{"Tiempo de lectura":"1 minuto"},"schema":{"@context":"https:\/\/schema.org","@graph":[{"@type":"WebPage","@id":"https:\/\/laarboleda.edu.co\/es\/school-news\/llega-la-semana-de-la-galletica-fundamor-en-la-arboleda\/","url":"https:\/\/laarboleda.edu.co\/es\/school-news\/llega-la-semana-de-la-galletica-fundamor-en-la-arboleda\/","name":"Llega la semana de la Galletica FUNDAMOR en La Arboleda - Arboleda School | International School Cali","isPartOf":{"@id":"https:\/\/laarboleda.edu.co\/es\/#website"},"primaryImageOfPage":{"@id":"https:\/\/laarboleda.edu.co\/es\/school-news\/llega-la-semana-de-la-galletica-fundamor-en-la-arboleda\/#primaryimage"},"image":{"@id":"https:\/\/laarboleda.edu.co\/es\/school-news\/llega-la-semana-de-la-galletica-fundamor-en-la-arboleda\/#primaryimage"},"thumbnailUrl":"https:\/\/laarboleda.edu.co\/wp-content\/uploads\/sites\/34\/2025\/01\/WhatsApp-Image-2019-02-11-at-8_39_46-PM-300x225-Feb-27-2024-08-38-05-8945-PM.jpeg","datePublished":"2024-05-15T22:09:39+00:00","breadcrumb":{"@id":"https:\/\/laarboleda.edu.co\/es\/school-news\/llega-la-semana-de-la-galletica-fundamor-en-la-arboleda\/#breadcrumb"},"inLanguage":"es","potentialAction":[{"@type":"ReadAction","target":["https:\/\/laarboleda.edu.co\/es\/school-news\/llega-la-semana-de-la-galletica-fundamor-en-la-arboleda\/"]}]},{"@type":"ImageObject","inLanguage":"es","@id":"https:\/\/laarboleda.edu.co\/es\/school-news\/llega-la-semana-de-la-galletica-fundamor-en-la-arboleda\/#primaryimage","url":"https:\/\/laarboleda.edu.co\/wp-content\/uploads\/sites\/34\/2025\/01\/WhatsApp-Image-2019-02-11-at-8_39_46-PM-300x225-Feb-27-2024-08-38-05-8945-PM.jpeg","contentUrl":"https:\/\/laarboleda.edu.co\/wp-content\/uploads\/sites\/34\/2025\/01\/WhatsApp-Image-2019-02-11-at-8_39_46-PM-300x225-Feb-27-2024-08-38-05-8945-PM.jpeg","width":300,"height":225},{"@type":"BreadcrumbList","@id":"https:\/\/laarboleda.edu.co\/es\/school-news\/llega-la-semana-de-la-galletica-fundamor-en-la-arboleda\/#breadcrumb","itemListElement":[{"@type":"ListItem","position":1,"name":"Home","item":"https:\/\/laarboleda.edu.co\/es\/"},{"@type":"ListItem","position":2,"name":"Llega la semana de la Galletica FUNDAMOR en La Arboleda"}]},{"@type":"WebSite","@id":"https:\/\/laarboleda.edu.co\/es\/#website","url":"https:\/\/laarboleda.edu.co\/es\/","name":"Arboleda School | International School Cali","description":"Nos enfocamos en el desarrollo del ser y en el respeto a las diferencias. Adem\u00e1s, somos un colegio biling\u00fce (ingl\u00e9s y espa\u00f1ol, y franc\u00e9s como tercera lengua) de excelencia acad\u00e9mica y contamos con un curr\u00edculo internacional que permite intercambios internacionales a Canad\u00e1, Reino Unido, USA y Francia, as\u00ed como asesor\u00eda estudiantil para estudios superiores en el exterior.","publisher":{"@id":"https:\/\/laarboleda.edu.co\/es\/#organization"},"potentialAction":[{"@type":"SearchAction","target":{"@type":"EntryPoint","urlTemplate":"https:\/\/laarboleda.edu.co\/es\/?s={search_term_string}"},"query-input":{"@type":"PropertyValueSpecification","valueRequired":true,"valueName":"search_term_string"}}],"inLanguage":"es"},{"@type":"Organization","@id":"https:\/\/laarboleda.edu.co\/es\/#organization","name":"Arboleda School | International School Cali","url":"https:\/\/laarboleda.edu.co\/es\/","logo":{"@type":"ImageObject","inLanguage":"es","@id":"https:\/\/laarboleda.edu.co\/es\/#\/schema\/logo\/image\/","url":"https:\/\/laarboleda.edu.co\/wp-content\/uploads\/sites\/34\/2024\/11\/cropped-LogoArboleda-2.png","contentUrl":"https:\/\/laarboleda.edu.co\/wp-content\/uploads\/sites\/34\/2024\/11\/cropped-LogoArboleda-2.png","width":808,"height":388,"caption":"Arboleda School | International School Cali"},"image":{"@id":"https:\/\/laarboleda.edu.co\/es\/#\/schema\/logo\/image\/"},"sameAs":["https:\/\/www.facebook.com\/colegiolaarboleda\/","https:\/\/www.instagram.com\/colegiolaarboleda\/","https:\/\/www.youtube.com\/@ColegioLaArboledaCali","https:\/\/www.linkedin.com\/company\/colegio-la-arboleda"]}]}},"jetpack_sharing_enabled":true,"_links":{"self":[{"href":"https:\/\/laarboleda.edu.co\/es\/wp-json\/wp\/v2\/school-news\/527","targetHints":{"allow":["GET"]}}],"collection":[{"href":"https:\/\/laarboleda.edu.co\/es\/wp-json\/wp\/v2\/school-news"}],"about":[{"href":"https:\/\/laarboleda.edu.co\/es\/wp-json\/wp\/v2\/types\/school-news"}],"version-history":[{"count":0,"href":"https:\/\/laarboleda.edu.co\/es\/wp-json\/wp\/v2\/school-news\/527\/revisions"}],"wp:featuredmedia":[{"embeddable":true,"href":"https:\/\/laarboleda.edu.co\/es\/wp-json\/wp\/v2\/media\/528"}],"wp:attachment":[{"href":"https:\/\/laarboleda.edu.co\/es\/wp-json\/wp\/v2\/media?parent=527"}],"curies":[{"name":"wp","href":"https:\/\/api.w.org\/{rel}","templated":true}]}}