{"id":509,"date":"2024-05-15T22:09:59","date_gmt":"2024-05-15T22:09:59","guid":{"rendered":"https:\/\/qrealo.cl\/laarboleda\/index.php\/2024\/05\/15\/charla-informativa-para-preschool-sobre-salidas-internacionales\/"},"modified":"2024-05-15T22:09:59","modified_gmt":"2024-05-15T22:09:59","slug":"charla-informativa-para-preschool-sobre-salidas-internacionales","status":"publish","type":"school-news","link":"https:\/\/laarboleda.edu.co\/es\/school-news\/charla-informativa-para-preschool-sobre-salidas-internacionales\/","title":{"rendered":"Charla Informativa para Preschool sobre salidas internacionales"},"content":{"rendered":"<p><span id=\"hs_cos_wrapper_post_body\" class=\"hs_cos_wrapper hs_cos_wrapper_meta_field hs_cos_wrapper_type_rich_text\" data-hs-cos-general-type=\"meta_field\" data-hs-cos-type=\"rich_text\"><\/p>\n<p><strong>Como Colegio tenemos una tarea: fortalecer la autonom\u00eda de nuestros estudiantes, pues as\u00ed les brindamos herramientas para que vayan por el mundo conquistando sus sue\u00f1os.<\/strong>&nbsp;Y para comprometernos con este prop\u00f3sito, venimos trabajando con la oficina de Relaciones Internacionales en poder ofrecerles escenarios de aprendizaje a trav\u00e9s de salidas internacionales.<\/p>\n<p> <!--more--><\/p>\n<p align=\"justify\">Es por eso que invitamos a las familias de Preschool (grados Prek\u00ednder, K\u00ednder y Transici\u00f3n), para que asistan a una chala informativa sobre las salidas internacionales que ofrece el Colegio en diferentes grados, y darles a conocer los beneficios y alcances de estas experiencias, as\u00ed como presentarles los planes de ahorro a los que pueden acceder.<\/p>\n<p align=\"justify\"><strong>Los esperamos el d\u00eda jueves 14 de noviembre de 2019, a las 7:30 a.m., en el sal\u00f3n el Sam\u00e1n.<\/strong><\/p>\n<p align=\"justify\"><strong>Vamos por el mundo conquistando sue\u00f1os!<\/strong><\/p>\n<p align=\"justify\"><strong><img decoding=\"async\" src=\"https:\/\/laarboleda.edu.co\/wp-content\/uploads\/sites\/34\/2025\/01\/salidas_internacionales_laarboleda.jpg\" alt=\"salidas_internacionales_laarboleda\" width=\"700\" style=\"width: 700px;margin-left: auto;margin-right: auto\"><\/strong><\/p>\n<p>&nbsp;<\/p>\n<p><\/span><\/p>\n","protected":false},"excerpt":{"rendered":"<p>Invitaci\u00f3n a charla Informativa para Preschool sobre salidas internacionales<\/p>\n","protected":false},"featured_media":517,"template":"","class_list":["post-509","school-news","type-school-news","status-publish","has-post-thumbnail","hentry"],"acf":[],"yoast_head":"<!-- This site is optimized with the Yoast SEO plugin v27.1.1 - https:\/\/yoast.com\/product\/yoast-seo-wordpress\/ -->\n<title>Charla Informativa para Preschool sobre salidas internacionales - Arboleda School | International School Cali<\/title>\n<meta name=\"robots\" content=\"index, follow, max-snippet:-1, max-image-preview:large, max-video-preview:-1\" \/>\n<link rel=\"canonical\" href=\"https:\/\/laarboleda.edu.co\/es\/school-news\/charla-informativa-para-preschool-sobre-salidas-internacionales\/\" \/>\n<meta property=\"og:locale\" content=\"es_ES\" \/>\n<meta property=\"og:type\" content=\"article\" \/>\n<meta property=\"og:title\" content=\"Charla Informativa para Preschool sobre salidas internacionales - Arboleda School | International School Cali\" \/>\n<meta property=\"og:description\" content=\"Invitaci\u00f3n a charla Informativa para Preschool sobre salidas internacionales\" \/>\n<meta property=\"og:url\" content=\"https:\/\/laarboleda.edu.co\/es\/school-news\/charla-informativa-para-preschool-sobre-salidas-internacionales\/\" \/>\n<meta property=\"og:site_name\" content=\"Arboleda School | International School Cali\" \/>\n<meta property=\"article:publisher\" content=\"https:\/\/www.facebook.com\/colegiolaarboleda\/\" \/>\n<meta property=\"og:image\" content=\"https:\/\/laarboleda.edu.co\/wp-content\/uploads\/sites\/34\/2025\/01\/salidas_internacionales_laarboleda.jpg\" \/>\n<meta name=\"twitter:card\" content=\"summary_large_image\" \/>\n<meta name=\"twitter:label1\" content=\"Tiempo de lectura\" \/>\n\t<meta name=\"twitter:data1\" content=\"1 minuto\" \/>\n<script type=\"application\/ld+json\" class=\"yoast-schema-graph\">{\"@context\":\"https:\/\/schema.org\",\"@graph\":[{\"@type\":\"WebPage\",\"@id\":\"https:\/\/laarboleda.edu.co\/es\/school-news\/charla-informativa-para-preschool-sobre-salidas-internacionales\/\",\"url\":\"https:\/\/laarboleda.edu.co\/es\/school-news\/charla-informativa-para-preschool-sobre-salidas-internacionales\/\",\"name\":\"Charla Informativa para Preschool sobre salidas internacionales - Arboleda School | International School Cali\",\"isPartOf\":{\"@id\":\"https:\/\/laarboleda.edu.co\/es\/#website\"},\"primaryImageOfPage\":{\"@id\":\"https:\/\/laarboleda.edu.co\/es\/school-news\/charla-informativa-para-preschool-sobre-salidas-internacionales\/#primaryimage\"},\"image\":{\"@id\":\"https:\/\/laarboleda.edu.co\/es\/school-news\/charla-informativa-para-preschool-sobre-salidas-internacionales\/#primaryimage\"},\"thumbnailUrl\":\"https:\/\/laarboleda.edu.co\/wp-content\/uploads\/sites\/34\/2025\/01\/salidas_internacionales_laarboleda-2.jpg\",\"datePublished\":\"2024-05-15T22:09:59+00:00\",\"breadcrumb\":{\"@id\":\"https:\/\/laarboleda.edu.co\/es\/school-news\/charla-informativa-para-preschool-sobre-salidas-internacionales\/#breadcrumb\"},\"inLanguage\":\"es\",\"potentialAction\":[{\"@type\":\"ReadAction\",\"target\":[\"https:\/\/laarboleda.edu.co\/es\/school-news\/charla-informativa-para-preschool-sobre-salidas-internacionales\/\"]}]},{\"@type\":\"ImageObject\",\"inLanguage\":\"es\",\"@id\":\"https:\/\/laarboleda.edu.co\/es\/school-news\/charla-informativa-para-preschool-sobre-salidas-internacionales\/#primaryimage\",\"url\":\"https:\/\/laarboleda.edu.co\/wp-content\/uploads\/sites\/34\/2025\/01\/salidas_internacionales_laarboleda-2.jpg\",\"contentUrl\":\"https:\/\/laarboleda.edu.co\/wp-content\/uploads\/sites\/34\/2025\/01\/salidas_internacionales_laarboleda-2.jpg\",\"width\":700,\"height\":599},{\"@type\":\"BreadcrumbList\",\"@id\":\"https:\/\/laarboleda.edu.co\/es\/school-news\/charla-informativa-para-preschool-sobre-salidas-internacionales\/#breadcrumb\",\"itemListElement\":[{\"@type\":\"ListItem\",\"position\":1,\"name\":\"Home\",\"item\":\"https:\/\/laarboleda.edu.co\/es\/\"},{\"@type\":\"ListItem\",\"position\":2,\"name\":\"Charla Informativa para Preschool sobre salidas internacionales\"}]},{\"@type\":\"WebSite\",\"@id\":\"https:\/\/laarboleda.edu.co\/es\/#website\",\"url\":\"https:\/\/laarboleda.edu.co\/es\/\",\"name\":\"Arboleda School | International School Cali\",\"description\":\"Nos enfocamos en el desarrollo del ser y en el respeto a las diferencias. Adem\u00e1s, somos un colegio biling\u00fce (ingl\u00e9s y espa\u00f1ol, y franc\u00e9s como tercera lengua) de excelencia acad\u00e9mica y contamos con un curr\u00edculo internacional que permite intercambios internacionales a Canad\u00e1, Reino Unido, USA y Francia, as\u00ed como asesor\u00eda estudiantil para estudios superiores en el exterior.\",\"publisher\":{\"@id\":\"https:\/\/laarboleda.edu.co\/es\/#organization\"},\"potentialAction\":[{\"@type\":\"SearchAction\",\"target\":{\"@type\":\"EntryPoint\",\"urlTemplate\":\"https:\/\/laarboleda.edu.co\/es\/?s={search_term_string}\"},\"query-input\":{\"@type\":\"PropertyValueSpecification\",\"valueRequired\":true,\"valueName\":\"search_term_string\"}}],\"inLanguage\":\"es\"},{\"@type\":\"Organization\",\"@id\":\"https:\/\/laarboleda.edu.co\/es\/#organization\",\"name\":\"Arboleda School | International School Cali\",\"url\":\"https:\/\/laarboleda.edu.co\/es\/\",\"logo\":{\"@type\":\"ImageObject\",\"inLanguage\":\"es\",\"@id\":\"https:\/\/laarboleda.edu.co\/es\/#\/schema\/logo\/image\/\",\"url\":\"https:\/\/laarboleda.edu.co\/wp-content\/uploads\/sites\/34\/2024\/11\/cropped-LogoArboleda-2.png\",\"contentUrl\":\"https:\/\/laarboleda.edu.co\/wp-content\/uploads\/sites\/34\/2024\/11\/cropped-LogoArboleda-2.png\",\"width\":808,\"height\":388,\"caption\":\"Arboleda School | International School Cali\"},\"image\":{\"@id\":\"https:\/\/laarboleda.edu.co\/es\/#\/schema\/logo\/image\/\"},\"sameAs\":[\"https:\/\/www.facebook.com\/colegiolaarboleda\/\",\"https:\/\/www.instagram.com\/colegiolaarboleda\/\",\"https:\/\/www.youtube.com\/@ColegioLaArboledaCali\",\"https:\/\/www.linkedin.com\/company\/colegio-la-arboleda\"]}]}<\/script>\n<!-- \/ Yoast SEO plugin. -->","yoast_head_json":{"title":"Charla Informativa para Preschool sobre salidas internacionales - Arboleda School | International School Cali","robots":{"index":"index","follow":"follow","max-snippet":"max-snippet:-1","max-image-preview":"max-image-preview:large","max-video-preview":"max-video-preview:-1"},"canonical":"https:\/\/laarboleda.edu.co\/es\/school-news\/charla-informativa-para-preschool-sobre-salidas-internacionales\/","og_locale":"es_ES","og_type":"article","og_title":"Charla Informativa para Preschool sobre salidas internacionales - Arboleda School | International School Cali","og_description":"Invitaci\u00f3n a charla Informativa para Preschool sobre salidas internacionales","og_url":"https:\/\/laarboleda.edu.co\/es\/school-news\/charla-informativa-para-preschool-sobre-salidas-internacionales\/","og_site_name":"Arboleda School | International School Cali","article_publisher":"https:\/\/www.facebook.com\/colegiolaarboleda\/","og_image":[{"url":"https:\/\/laarboleda.edu.co\/wp-content\/uploads\/sites\/34\/2025\/01\/salidas_internacionales_laarboleda.jpg","type":"","width":"","height":""}],"twitter_card":"summary_large_image","twitter_misc":{"Tiempo de lectura":"1 minuto"},"schema":{"@context":"https:\/\/schema.org","@graph":[{"@type":"WebPage","@id":"https:\/\/laarboleda.edu.co\/es\/school-news\/charla-informativa-para-preschool-sobre-salidas-internacionales\/","url":"https:\/\/laarboleda.edu.co\/es\/school-news\/charla-informativa-para-preschool-sobre-salidas-internacionales\/","name":"Charla Informativa para Preschool sobre salidas internacionales - Arboleda School | International School Cali","isPartOf":{"@id":"https:\/\/laarboleda.edu.co\/es\/#website"},"primaryImageOfPage":{"@id":"https:\/\/laarboleda.edu.co\/es\/school-news\/charla-informativa-para-preschool-sobre-salidas-internacionales\/#primaryimage"},"image":{"@id":"https:\/\/laarboleda.edu.co\/es\/school-news\/charla-informativa-para-preschool-sobre-salidas-internacionales\/#primaryimage"},"thumbnailUrl":"https:\/\/laarboleda.edu.co\/wp-content\/uploads\/sites\/34\/2025\/01\/salidas_internacionales_laarboleda-2.jpg","datePublished":"2024-05-15T22:09:59+00:00","breadcrumb":{"@id":"https:\/\/laarboleda.edu.co\/es\/school-news\/charla-informativa-para-preschool-sobre-salidas-internacionales\/#breadcrumb"},"inLanguage":"es","potentialAction":[{"@type":"ReadAction","target":["https:\/\/laarboleda.edu.co\/es\/school-news\/charla-informativa-para-preschool-sobre-salidas-internacionales\/"]}]},{"@type":"ImageObject","inLanguage":"es","@id":"https:\/\/laarboleda.edu.co\/es\/school-news\/charla-informativa-para-preschool-sobre-salidas-internacionales\/#primaryimage","url":"https:\/\/laarboleda.edu.co\/wp-content\/uploads\/sites\/34\/2025\/01\/salidas_internacionales_laarboleda-2.jpg","contentUrl":"https:\/\/laarboleda.edu.co\/wp-content\/uploads\/sites\/34\/2025\/01\/salidas_internacionales_laarboleda-2.jpg","width":700,"height":599},{"@type":"BreadcrumbList","@id":"https:\/\/laarboleda.edu.co\/es\/school-news\/charla-informativa-para-preschool-sobre-salidas-internacionales\/#breadcrumb","itemListElement":[{"@type":"ListItem","position":1,"name":"Home","item":"https:\/\/laarboleda.edu.co\/es\/"},{"@type":"ListItem","position":2,"name":"Charla Informativa para Preschool sobre salidas internacionales"}]},{"@type":"WebSite","@id":"https:\/\/laarboleda.edu.co\/es\/#website","url":"https:\/\/laarboleda.edu.co\/es\/","name":"Arboleda School | International School Cali","description":"Nos enfocamos en el desarrollo del ser y en el respeto a las diferencias. Adem\u00e1s, somos un colegio biling\u00fce (ingl\u00e9s y espa\u00f1ol, y franc\u00e9s como tercera lengua) de excelencia acad\u00e9mica y contamos con un curr\u00edculo internacional que permite intercambios internacionales a Canad\u00e1, Reino Unido, USA y Francia, as\u00ed como asesor\u00eda estudiantil para estudios superiores en el exterior.","publisher":{"@id":"https:\/\/laarboleda.edu.co\/es\/#organization"},"potentialAction":[{"@type":"SearchAction","target":{"@type":"EntryPoint","urlTemplate":"https:\/\/laarboleda.edu.co\/es\/?s={search_term_string}"},"query-input":{"@type":"PropertyValueSpecification","valueRequired":true,"valueName":"search_term_string"}}],"inLanguage":"es"},{"@type":"Organization","@id":"https:\/\/laarboleda.edu.co\/es\/#organization","name":"Arboleda School | International School Cali","url":"https:\/\/laarboleda.edu.co\/es\/","logo":{"@type":"ImageObject","inLanguage":"es","@id":"https:\/\/laarboleda.edu.co\/es\/#\/schema\/logo\/image\/","url":"https:\/\/laarboleda.edu.co\/wp-content\/uploads\/sites\/34\/2024\/11\/cropped-LogoArboleda-2.png","contentUrl":"https:\/\/laarboleda.edu.co\/wp-content\/uploads\/sites\/34\/2024\/11\/cropped-LogoArboleda-2.png","width":808,"height":388,"caption":"Arboleda School | International School Cali"},"image":{"@id":"https:\/\/laarboleda.edu.co\/es\/#\/schema\/logo\/image\/"},"sameAs":["https:\/\/www.facebook.com\/colegiolaarboleda\/","https:\/\/www.instagram.com\/colegiolaarboleda\/","https:\/\/www.youtube.com\/@ColegioLaArboledaCali","https:\/\/www.linkedin.com\/company\/colegio-la-arboleda"]}]}},"jetpack_sharing_enabled":true,"_links":{"self":[{"href":"https:\/\/laarboleda.edu.co\/es\/wp-json\/wp\/v2\/school-news\/509","targetHints":{"allow":["GET"]}}],"collection":[{"href":"https:\/\/laarboleda.edu.co\/es\/wp-json\/wp\/v2\/school-news"}],"about":[{"href":"https:\/\/laarboleda.edu.co\/es\/wp-json\/wp\/v2\/types\/school-news"}],"version-history":[{"count":0,"href":"https:\/\/laarboleda.edu.co\/es\/wp-json\/wp\/v2\/school-news\/509\/revisions"}],"wp:featuredmedia":[{"embeddable":true,"href":"https:\/\/laarboleda.edu.co\/es\/wp-json\/wp\/v2\/media\/517"}],"wp:attachment":[{"href":"https:\/\/laarboleda.edu.co\/es\/wp-json\/wp\/v2\/media?parent=509"}],"curies":[{"name":"wp","href":"https:\/\/api.w.org\/{rel}","templated":true}]}}