{"id":441,"date":"2024-05-15T22:10:34","date_gmt":"2024-05-15T22:10:34","guid":{"rendered":"https:\/\/qrealo.cl\/laarboleda\/index.php\/2024\/05\/15\/santiago-zafra-quiere-ser-empresario-equino\/"},"modified":"2024-05-15T22:10:34","modified_gmt":"2024-05-15T22:10:34","slug":"santiago-zafra-quiere-ser-empresario-equino","status":"publish","type":"school-news","link":"https:\/\/laarboleda.edu.co\/es\/school-news\/santiago-zafra-quiere-ser-empresario-equino\/","title":{"rendered":"Santiago Zafra quiere ser empresario equino"},"content":{"rendered":"<p><span id=\"hs_cos_wrapper_post_body\" class=\"hs_cos_wrapper hs_cos_wrapper_meta_field hs_cos_wrapper_type_rich_text\" data-hs-cos-general-type=\"meta_field\" data-hs-cos-type=\"rich_text\"><\/p>\n<p>Santiago Zafra es estudiante del <a href=\"https:\/\/laarboleda.edu.co\/\" rel=\" noopener\">Colegio La Arboleda<\/a> de 9\u00b0. grado. Este joven practica desde peque\u00f1o para ser chal\u00e1n o lo que tambi\u00e9n llaman equitaci\u00f3n criolla.<\/p>\n<p> <!--more--> <\/p>\n<p><span style=\"background-color: #ffffff\">La equitaci\u00f3n criolla es una afici\u00f3n que tiene como intensi\u00f3n la buena conducci\u00f3n del caballo. Para conseguirlo, el jinete y el equino forman un binomio de sincron\u00eda, coordinaci\u00f3n, t\u00e9cnica, compenetraci\u00f3n y Santiago sabe esto, y por eso, entrena dos horas a la semana cuando est\u00e1 en competencia.<\/span><\/p>\n<p>Para nuestro estudiante su afici\u00f3n es muy importante, aunque su inter\u00e9s acad\u00e9mico est\u00e1 en la zootecnia y la veterinaria bobina y equina. \u201cQuiero estudiar cualesquiera de las dos carreras porque deseo convertirme en un empresario de la industria de los equinos. Desde los 10 a\u00f1os tengo una estrecha relaci\u00f3n con el mundo de los caballos, y es gracias a mi pap\u00e1 que los amo\u201d.<\/p>\n<p><img decoding=\"async\" src=\"https:\/\/laarboleda.edu.co\/wp-content\/uploads\/sites\/34\/2025\/01\/e260d813-5757-492a-9e83-c0efec65833a-4.jpg\" alt=\"Santiago Zafra\" width=\"375\" style=\"width: 375px;margin: 0px auto\"><\/p>\n<p>Santiago tiene un potro llamado \u2018<strong>Secreto de Villa Luz Nery\u2019<\/strong> que acompa\u00f1a a este joven chal\u00e1n desde hace tres a\u00f1os. Una de las pruebas m\u00e1s duras para practicar con \u00e9xito este deporte es \u2018conquistar\u2019 el car\u00e1cter del caballo. \u201cUna vez sufr\u00ed una ca\u00edda que casi me parte el hombro. Los caballos son animales que tiene un car\u00e1cter muy fuerte y temperamental. El truco es domarlos para quitarles \u2018vicios\u2019 que hacen imposible cabalgarlos y lograr una postura que llamamos \u201celegancia\u201d.<\/p>\n<p><strong>Ha participado en varias competencias en distintas ciudades como: Medell\u00edn, Bogot\u00e1, Armenia, Monter\u00eda y la \u00faltima en Pereira, donde gan\u00f3 el primer puesto.&nbsp;<\/strong><\/p>\n<p>A sus 15 a\u00f1os, Santiago parece tener claro hacia donde se quiere proyectar, lo que necesita para lograrlo y destaca que \u201c\u2026el colegio me ayuda cuando tengo competencias o entreno, si tengo alg\u00fan examen lo reprograman para que pueda asistir a las competencias\u201d.<\/p>\n<p><\/span><\/p>\n","protected":false},"excerpt":{"rendered":"<p>Esta es la historia de Santiago Zafra, nuestro estudiante de grado noveno que practica la chalaner\u00eca. Quiere ser empresario equino.<\/p>\n","protected":false},"featured_media":449,"template":"","class_list":["post-441","school-news","type-school-news","status-publish","has-post-thumbnail","hentry"],"acf":[],"yoast_head":"<!-- This site is optimized with the Yoast SEO plugin v27.1.1 - https:\/\/yoast.com\/product\/yoast-seo-wordpress\/ -->\n<title>Santiago Zafra quiere ser empresario equino - Arboleda School | International School Cali<\/title>\n<meta name=\"robots\" content=\"index, follow, max-snippet:-1, max-image-preview:large, max-video-preview:-1\" \/>\n<link rel=\"canonical\" href=\"https:\/\/laarboleda.edu.co\/es\/school-news\/santiago-zafra-quiere-ser-empresario-equino\/\" \/>\n<meta property=\"og:locale\" content=\"es_ES\" \/>\n<meta property=\"og:type\" content=\"article\" \/>\n<meta property=\"og:title\" content=\"Santiago Zafra quiere ser empresario equino - Arboleda School | International School Cali\" \/>\n<meta property=\"og:description\" content=\"Esta es la historia de Santiago Zafra, nuestro estudiante de grado noveno que practica la chalaner\u00eca. Quiere ser empresario equino.\" \/>\n<meta property=\"og:url\" content=\"https:\/\/laarboleda.edu.co\/es\/school-news\/santiago-zafra-quiere-ser-empresario-equino\/\" \/>\n<meta property=\"og:site_name\" content=\"Arboleda School | International School Cali\" \/>\n<meta property=\"article:publisher\" content=\"https:\/\/www.facebook.com\/colegiolaarboleda\/\" \/>\n<meta property=\"og:image\" content=\"https:\/\/laarboleda.edu.co\/wp-content\/uploads\/sites\/34\/2025\/01\/e260d813-5757-492a-9e83-c0efec65833a-4.jpg\" \/>\n<meta name=\"twitter:card\" content=\"summary_large_image\" \/>\n<meta name=\"twitter:label1\" content=\"Tiempo de lectura\" \/>\n\t<meta name=\"twitter:data1\" content=\"2 minutos\" \/>\n<script type=\"application\/ld+json\" class=\"yoast-schema-graph\">{\"@context\":\"https:\/\/schema.org\",\"@graph\":[{\"@type\":\"WebPage\",\"@id\":\"https:\/\/laarboleda.edu.co\/es\/school-news\/santiago-zafra-quiere-ser-empresario-equino\/\",\"url\":\"https:\/\/laarboleda.edu.co\/es\/school-news\/santiago-zafra-quiere-ser-empresario-equino\/\",\"name\":\"Santiago Zafra quiere ser empresario equino - Arboleda School | International School Cali\",\"isPartOf\":{\"@id\":\"https:\/\/laarboleda.edu.co\/es\/#website\"},\"primaryImageOfPage\":{\"@id\":\"https:\/\/laarboleda.edu.co\/es\/school-news\/santiago-zafra-quiere-ser-empresario-equino\/#primaryimage\"},\"image\":{\"@id\":\"https:\/\/laarboleda.edu.co\/es\/school-news\/santiago-zafra-quiere-ser-empresario-equino\/#primaryimage\"},\"thumbnailUrl\":\"https:\/\/laarboleda.edu.co\/wp-content\/uploads\/sites\/34\/2025\/01\/Chalanero.jpg\",\"datePublished\":\"2024-05-15T22:10:34+00:00\",\"breadcrumb\":{\"@id\":\"https:\/\/laarboleda.edu.co\/es\/school-news\/santiago-zafra-quiere-ser-empresario-equino\/#breadcrumb\"},\"inLanguage\":\"es\",\"potentialAction\":[{\"@type\":\"ReadAction\",\"target\":[\"https:\/\/laarboleda.edu.co\/es\/school-news\/santiago-zafra-quiere-ser-empresario-equino\/\"]}]},{\"@type\":\"ImageObject\",\"inLanguage\":\"es\",\"@id\":\"https:\/\/laarboleda.edu.co\/es\/school-news\/santiago-zafra-quiere-ser-empresario-equino\/#primaryimage\",\"url\":\"https:\/\/laarboleda.edu.co\/wp-content\/uploads\/sites\/34\/2025\/01\/Chalanero.jpg\",\"contentUrl\":\"https:\/\/laarboleda.edu.co\/wp-content\/uploads\/sites\/34\/2025\/01\/Chalanero.jpg\",\"width\":546,\"height\":410},{\"@type\":\"BreadcrumbList\",\"@id\":\"https:\/\/laarboleda.edu.co\/es\/school-news\/santiago-zafra-quiere-ser-empresario-equino\/#breadcrumb\",\"itemListElement\":[{\"@type\":\"ListItem\",\"position\":1,\"name\":\"Home\",\"item\":\"https:\/\/laarboleda.edu.co\/es\/\"},{\"@type\":\"ListItem\",\"position\":2,\"name\":\"Santiago Zafra quiere ser empresario equino\"}]},{\"@type\":\"WebSite\",\"@id\":\"https:\/\/laarboleda.edu.co\/es\/#website\",\"url\":\"https:\/\/laarboleda.edu.co\/es\/\",\"name\":\"Arboleda School | International School Cali\",\"description\":\"Nos enfocamos en el desarrollo del ser y en el respeto a las diferencias. Adem\u00e1s, somos un colegio biling\u00fce (ingl\u00e9s y espa\u00f1ol, y franc\u00e9s como tercera lengua) de excelencia acad\u00e9mica y contamos con un curr\u00edculo internacional que permite intercambios internacionales a Canad\u00e1, Reino Unido, USA y Francia, as\u00ed como asesor\u00eda estudiantil para estudios superiores en el exterior.\",\"publisher\":{\"@id\":\"https:\/\/laarboleda.edu.co\/es\/#organization\"},\"potentialAction\":[{\"@type\":\"SearchAction\",\"target\":{\"@type\":\"EntryPoint\",\"urlTemplate\":\"https:\/\/laarboleda.edu.co\/es\/?s={search_term_string}\"},\"query-input\":{\"@type\":\"PropertyValueSpecification\",\"valueRequired\":true,\"valueName\":\"search_term_string\"}}],\"inLanguage\":\"es\"},{\"@type\":\"Organization\",\"@id\":\"https:\/\/laarboleda.edu.co\/es\/#organization\",\"name\":\"Arboleda School | International School Cali\",\"url\":\"https:\/\/laarboleda.edu.co\/es\/\",\"logo\":{\"@type\":\"ImageObject\",\"inLanguage\":\"es\",\"@id\":\"https:\/\/laarboleda.edu.co\/es\/#\/schema\/logo\/image\/\",\"url\":\"https:\/\/laarboleda.edu.co\/wp-content\/uploads\/sites\/34\/2024\/11\/cropped-LogoArboleda-2.png\",\"contentUrl\":\"https:\/\/laarboleda.edu.co\/wp-content\/uploads\/sites\/34\/2024\/11\/cropped-LogoArboleda-2.png\",\"width\":808,\"height\":388,\"caption\":\"Arboleda School | International School Cali\"},\"image\":{\"@id\":\"https:\/\/laarboleda.edu.co\/es\/#\/schema\/logo\/image\/\"},\"sameAs\":[\"https:\/\/www.facebook.com\/colegiolaarboleda\/\",\"https:\/\/www.instagram.com\/colegiolaarboleda\/\",\"https:\/\/www.youtube.com\/@ColegioLaArboledaCali\",\"https:\/\/www.linkedin.com\/company\/colegio-la-arboleda\"]}]}<\/script>\n<!-- \/ Yoast SEO plugin. -->","yoast_head_json":{"title":"Santiago Zafra quiere ser empresario equino - Arboleda School | International School Cali","robots":{"index":"index","follow":"follow","max-snippet":"max-snippet:-1","max-image-preview":"max-image-preview:large","max-video-preview":"max-video-preview:-1"},"canonical":"https:\/\/laarboleda.edu.co\/es\/school-news\/santiago-zafra-quiere-ser-empresario-equino\/","og_locale":"es_ES","og_type":"article","og_title":"Santiago Zafra quiere ser empresario equino - Arboleda School | International School Cali","og_description":"Esta es la historia de Santiago Zafra, nuestro estudiante de grado noveno que practica la chalaner\u00eca. Quiere ser empresario equino.","og_url":"https:\/\/laarboleda.edu.co\/es\/school-news\/santiago-zafra-quiere-ser-empresario-equino\/","og_site_name":"Arboleda School | International School Cali","article_publisher":"https:\/\/www.facebook.com\/colegiolaarboleda\/","og_image":[{"url":"https:\/\/laarboleda.edu.co\/wp-content\/uploads\/sites\/34\/2025\/01\/e260d813-5757-492a-9e83-c0efec65833a-4.jpg","type":"","width":"","height":""}],"twitter_card":"summary_large_image","twitter_misc":{"Tiempo de lectura":"2 minutos"},"schema":{"@context":"https:\/\/schema.org","@graph":[{"@type":"WebPage","@id":"https:\/\/laarboleda.edu.co\/es\/school-news\/santiago-zafra-quiere-ser-empresario-equino\/","url":"https:\/\/laarboleda.edu.co\/es\/school-news\/santiago-zafra-quiere-ser-empresario-equino\/","name":"Santiago Zafra quiere ser empresario equino - Arboleda School | International School Cali","isPartOf":{"@id":"https:\/\/laarboleda.edu.co\/es\/#website"},"primaryImageOfPage":{"@id":"https:\/\/laarboleda.edu.co\/es\/school-news\/santiago-zafra-quiere-ser-empresario-equino\/#primaryimage"},"image":{"@id":"https:\/\/laarboleda.edu.co\/es\/school-news\/santiago-zafra-quiere-ser-empresario-equino\/#primaryimage"},"thumbnailUrl":"https:\/\/laarboleda.edu.co\/wp-content\/uploads\/sites\/34\/2025\/01\/Chalanero.jpg","datePublished":"2024-05-15T22:10:34+00:00","breadcrumb":{"@id":"https:\/\/laarboleda.edu.co\/es\/school-news\/santiago-zafra-quiere-ser-empresario-equino\/#breadcrumb"},"inLanguage":"es","potentialAction":[{"@type":"ReadAction","target":["https:\/\/laarboleda.edu.co\/es\/school-news\/santiago-zafra-quiere-ser-empresario-equino\/"]}]},{"@type":"ImageObject","inLanguage":"es","@id":"https:\/\/laarboleda.edu.co\/es\/school-news\/santiago-zafra-quiere-ser-empresario-equino\/#primaryimage","url":"https:\/\/laarboleda.edu.co\/wp-content\/uploads\/sites\/34\/2025\/01\/Chalanero.jpg","contentUrl":"https:\/\/laarboleda.edu.co\/wp-content\/uploads\/sites\/34\/2025\/01\/Chalanero.jpg","width":546,"height":410},{"@type":"BreadcrumbList","@id":"https:\/\/laarboleda.edu.co\/es\/school-news\/santiago-zafra-quiere-ser-empresario-equino\/#breadcrumb","itemListElement":[{"@type":"ListItem","position":1,"name":"Home","item":"https:\/\/laarboleda.edu.co\/es\/"},{"@type":"ListItem","position":2,"name":"Santiago Zafra quiere ser empresario equino"}]},{"@type":"WebSite","@id":"https:\/\/laarboleda.edu.co\/es\/#website","url":"https:\/\/laarboleda.edu.co\/es\/","name":"Arboleda School | International School Cali","description":"Nos enfocamos en el desarrollo del ser y en el respeto a las diferencias. Adem\u00e1s, somos un colegio biling\u00fce (ingl\u00e9s y espa\u00f1ol, y franc\u00e9s como tercera lengua) de excelencia acad\u00e9mica y contamos con un curr\u00edculo internacional que permite intercambios internacionales a Canad\u00e1, Reino Unido, USA y Francia, as\u00ed como asesor\u00eda estudiantil para estudios superiores en el exterior.","publisher":{"@id":"https:\/\/laarboleda.edu.co\/es\/#organization"},"potentialAction":[{"@type":"SearchAction","target":{"@type":"EntryPoint","urlTemplate":"https:\/\/laarboleda.edu.co\/es\/?s={search_term_string}"},"query-input":{"@type":"PropertyValueSpecification","valueRequired":true,"valueName":"search_term_string"}}],"inLanguage":"es"},{"@type":"Organization","@id":"https:\/\/laarboleda.edu.co\/es\/#organization","name":"Arboleda School | International School Cali","url":"https:\/\/laarboleda.edu.co\/es\/","logo":{"@type":"ImageObject","inLanguage":"es","@id":"https:\/\/laarboleda.edu.co\/es\/#\/schema\/logo\/image\/","url":"https:\/\/laarboleda.edu.co\/wp-content\/uploads\/sites\/34\/2024\/11\/cropped-LogoArboleda-2.png","contentUrl":"https:\/\/laarboleda.edu.co\/wp-content\/uploads\/sites\/34\/2024\/11\/cropped-LogoArboleda-2.png","width":808,"height":388,"caption":"Arboleda School | International School Cali"},"image":{"@id":"https:\/\/laarboleda.edu.co\/es\/#\/schema\/logo\/image\/"},"sameAs":["https:\/\/www.facebook.com\/colegiolaarboleda\/","https:\/\/www.instagram.com\/colegiolaarboleda\/","https:\/\/www.youtube.com\/@ColegioLaArboledaCali","https:\/\/www.linkedin.com\/company\/colegio-la-arboleda"]}]}},"jetpack_sharing_enabled":true,"_links":{"self":[{"href":"https:\/\/laarboleda.edu.co\/es\/wp-json\/wp\/v2\/school-news\/441","targetHints":{"allow":["GET"]}}],"collection":[{"href":"https:\/\/laarboleda.edu.co\/es\/wp-json\/wp\/v2\/school-news"}],"about":[{"href":"https:\/\/laarboleda.edu.co\/es\/wp-json\/wp\/v2\/types\/school-news"}],"version-history":[{"count":0,"href":"https:\/\/laarboleda.edu.co\/es\/wp-json\/wp\/v2\/school-news\/441\/revisions"}],"wp:featuredmedia":[{"embeddable":true,"href":"https:\/\/laarboleda.edu.co\/es\/wp-json\/wp\/v2\/media\/449"}],"wp:attachment":[{"href":"https:\/\/laarboleda.edu.co\/es\/wp-json\/wp\/v2\/media?parent=441"}],"curies":[{"name":"wp","href":"https:\/\/api.w.org\/{rel}","templated":true}]}}