{"id":240,"date":"2024-05-15T22:12:57","date_gmt":"2024-05-15T22:12:57","guid":{"rendered":"https:\/\/qrealo.cl\/laarboleda\/index.php\/2024\/05\/15\/invitacion-noche-de-ritmos-y-tambores-pode-la-solidaridad-de-asofamilia\/"},"modified":"2024-05-15T22:12:57","modified_gmt":"2024-05-15T22:12:57","slug":"invitacion-noche-de-ritmos-y-tambores-pode-la-solidaridad-de-asofamilia","status":"publish","type":"school-news","link":"https:\/\/laarboleda.edu.co\/es\/school-news\/invitacion-noche-de-ritmos-y-tambores-pode-la-solidaridad-de-asofamilia\/","title":{"rendered":"Invitaci\u00f3n &#8220;Noche de ritmos y tambores pode la solidaridad&#8221; de Asofamilia"},"content":{"rendered":"<p><span id=\"hs_cos_wrapper_post_body\" class=\"hs_cos_wrapper hs_cos_wrapper_meta_field hs_cos_wrapper_type_rich_text\" data-hs-cos-general-type=\"meta_field\" data-hs-cos-type=\"rich_text\"><\/p>\n<p><strong>Apreciada Comunidad Arboleda:<\/strong><\/p>\n<p> <!--more--><\/p>\n<p>Mes a mes en el Colegio se trabaja con los estudiantes un valor del horizonte de formaci\u00f3n.<span>&nbsp;<\/span><em>En noviembre corresponde trabajar la solidaridad y es tradici\u00f3n la realizaci\u00f3n de un evento que organiza ASOFAMILIA y que transciende las aulas de clase, para convocar a toda la familia Arboleda.<\/em><\/p>\n<p><strong>Este a\u00f1o ofreceremos una \u201cNoche de ritmos y tambores por la solidaridad\u201d y nos reuniremos entorno a las causas sociales de tres instituciones de la ciudad (Fundaci\u00f3n Divino Ni\u00f1o, Fundaci\u00f3n Tambores de Silo\u00e9 y el Instituto para Ni\u00f1os Ciegos y Sordos) para que, con el aporte de todos nosotros, ayudemos a cubrir en parte sus necesidades.<\/strong><span>&nbsp;<\/span>Del recaudo de este evento tambi\u00e9n destinaremos un porcentaje para fortalecer nuestro fondo de solidaridad, que, en situaciones de crisis, ofrece auxilios econ\u00f3micos a nuestras familias asociadas.<\/p>\n<p><strong>En consideraci\u00f3n del prop\u00f3sito de este evento, hemos establecido un aporte econ\u00f3mico por familia que les da dos (2) opciones: a) $50.000 o b) $80.000.<\/strong><span>&nbsp;<\/span>Con el aporte que la familia escoja, los invitamos a que nos acompa\u00f1en en una noche donde ofreceremos intervenciones art\u00edsticas, rifas y un men\u00fa que incluye un amoroso chocolate y pandebono.<\/p>\n<p>Desde el jueves 14 de noviembre enviaremos con los estudiantes los bonos para esta \u201cNoche de ritmos y tambores por la solidaridad\u201d. Las familias que deseen hacer sus aportes deber\u00e1n enviar en sobre sellado, el desprendible del bono, indicando nombre de la familia y el valor del aporte, junto con el dinero correspondiente. Las asistentes de secci\u00f3n o la recepci\u00f3n del Colegio recibir\u00e1n los sobres.<\/p>\n<p>Esperamos contar con el apoyo de todos ustedes en este evento que moviliza corazones y<span>&nbsp;<\/span><strong>reafirma nuestra esencia SoyArboleda.<\/strong><\/p>\n<p>Los invitamos a ver el siguiente video, haciendo<span>&nbsp;<\/span><a href=\"https:\/\/youtu.be\/BxtDZQj9IwM\" target=\"_blank\" rel=\"noopener\">CLIC AQU\u00cd<\/a><\/p>\n<p>Un afectuoso saludo,&nbsp;<\/p>\n<p><strong>Junta Directiva de Asofamilia<\/strong><\/p>\n<p><strong><img decoding=\"async\" src=\"https:\/\/laarboleda.edu.co\/wp-content\/uploads\/sites\/34\/2025\/01\/piezas-pagina-web-01-1-4.jpg\" alt=\"piezas-pagina-web-01-1\" width=\"700\" style=\"width: 700px;margin-left: auto;margin-right: auto\"><\/strong><\/p>\n<p>&nbsp;<\/p>\n<p><\/span><\/p>\n","protected":false},"excerpt":{"rendered":"<p>Invitaci\u00f3n &#8220;Noche de ritmos y tambores pode la solidaridad&#8221; de Asofamilia<\/p>\n","protected":false},"featured_media":248,"template":"","class_list":["post-240","school-news","type-school-news","status-publish","has-post-thumbnail","hentry"],"acf":[],"yoast_head":"<!-- This site is optimized with the Yoast SEO plugin v27.1.1 - https:\/\/yoast.com\/product\/yoast-seo-wordpress\/ -->\n<title>Invitaci\u00f3n &quot;Noche de ritmos y tambores pode la solidaridad&quot; de Asofamilia - Arboleda School | International School Cali<\/title>\n<meta name=\"robots\" content=\"index, follow, max-snippet:-1, max-image-preview:large, max-video-preview:-1\" \/>\n<link rel=\"canonical\" href=\"https:\/\/laarboleda.edu.co\/es\/school-news\/invitacion-noche-de-ritmos-y-tambores-pode-la-solidaridad-de-asofamilia\/\" \/>\n<meta property=\"og:locale\" content=\"es_ES\" \/>\n<meta property=\"og:type\" content=\"article\" \/>\n<meta property=\"og:title\" content=\"Invitaci\u00f3n &quot;Noche de ritmos y tambores pode la solidaridad&quot; de Asofamilia - Arboleda School | International School Cali\" \/>\n<meta property=\"og:description\" content=\"Invitaci\u00f3n &quot;Noche de ritmos y tambores pode la solidaridad&quot; de Asofamilia\" \/>\n<meta property=\"og:url\" content=\"https:\/\/laarboleda.edu.co\/es\/school-news\/invitacion-noche-de-ritmos-y-tambores-pode-la-solidaridad-de-asofamilia\/\" \/>\n<meta property=\"og:site_name\" content=\"Arboleda School | International School Cali\" \/>\n<meta property=\"article:publisher\" content=\"https:\/\/www.facebook.com\/colegiolaarboleda\/\" \/>\n<meta property=\"og:image\" content=\"https:\/\/laarboleda.edu.co\/wp-content\/uploads\/sites\/34\/2025\/01\/piezas-pagina-web-01-1-4.jpg\" \/>\n<meta name=\"twitter:card\" content=\"summary_large_image\" \/>\n<meta name=\"twitter:label1\" content=\"Tiempo de lectura\" \/>\n\t<meta name=\"twitter:data1\" content=\"2 minutos\" \/>\n<script type=\"application\/ld+json\" class=\"yoast-schema-graph\">{\"@context\":\"https:\/\/schema.org\",\"@graph\":[{\"@type\":\"WebPage\",\"@id\":\"https:\/\/laarboleda.edu.co\/es\/school-news\/invitacion-noche-de-ritmos-y-tambores-pode-la-solidaridad-de-asofamilia\/\",\"url\":\"https:\/\/laarboleda.edu.co\/es\/school-news\/invitacion-noche-de-ritmos-y-tambores-pode-la-solidaridad-de-asofamilia\/\",\"name\":\"Invitaci\u00f3n \\\"Noche de ritmos y tambores pode la solidaridad\\\" de Asofamilia - Arboleda School | International School Cali\",\"isPartOf\":{\"@id\":\"https:\/\/laarboleda.edu.co\/es\/#website\"},\"primaryImageOfPage\":{\"@id\":\"https:\/\/laarboleda.edu.co\/es\/school-news\/invitacion-noche-de-ritmos-y-tambores-pode-la-solidaridad-de-asofamilia\/#primaryimage\"},\"image\":{\"@id\":\"https:\/\/laarboleda.edu.co\/es\/school-news\/invitacion-noche-de-ritmos-y-tambores-pode-la-solidaridad-de-asofamilia\/#primaryimage\"},\"thumbnailUrl\":\"https:\/\/laarboleda.edu.co\/wp-content\/uploads\/sites\/34\/2025\/01\/piezas-pagina-web-01-1-2-scaled-1.jpg\",\"datePublished\":\"2024-05-15T22:12:57+00:00\",\"breadcrumb\":{\"@id\":\"https:\/\/laarboleda.edu.co\/es\/school-news\/invitacion-noche-de-ritmos-y-tambores-pode-la-solidaridad-de-asofamilia\/#breadcrumb\"},\"inLanguage\":\"es\",\"potentialAction\":[{\"@type\":\"ReadAction\",\"target\":[\"https:\/\/laarboleda.edu.co\/es\/school-news\/invitacion-noche-de-ritmos-y-tambores-pode-la-solidaridad-de-asofamilia\/\"]}]},{\"@type\":\"ImageObject\",\"inLanguage\":\"es\",\"@id\":\"https:\/\/laarboleda.edu.co\/es\/school-news\/invitacion-noche-de-ritmos-y-tambores-pode-la-solidaridad-de-asofamilia\/#primaryimage\",\"url\":\"https:\/\/laarboleda.edu.co\/wp-content\/uploads\/sites\/34\/2025\/01\/piezas-pagina-web-01-1-2-scaled-1.jpg\",\"contentUrl\":\"https:\/\/laarboleda.edu.co\/wp-content\/uploads\/sites\/34\/2025\/01\/piezas-pagina-web-01-1-2-scaled-1.jpg\",\"width\":2560,\"height\":1195},{\"@type\":\"BreadcrumbList\",\"@id\":\"https:\/\/laarboleda.edu.co\/es\/school-news\/invitacion-noche-de-ritmos-y-tambores-pode-la-solidaridad-de-asofamilia\/#breadcrumb\",\"itemListElement\":[{\"@type\":\"ListItem\",\"position\":1,\"name\":\"Home\",\"item\":\"https:\/\/laarboleda.edu.co\/es\/\"},{\"@type\":\"ListItem\",\"position\":2,\"name\":\"Invitaci\u00f3n &#8220;Noche de ritmos y tambores pode la solidaridad&#8221; de Asofamilia\"}]},{\"@type\":\"WebSite\",\"@id\":\"https:\/\/laarboleda.edu.co\/es\/#website\",\"url\":\"https:\/\/laarboleda.edu.co\/es\/\",\"name\":\"Arboleda School | International School Cali\",\"description\":\"Nos enfocamos en el desarrollo del ser y en el respeto a las diferencias. Adem\u00e1s, somos un colegio biling\u00fce (ingl\u00e9s y espa\u00f1ol, y franc\u00e9s como tercera lengua) de excelencia acad\u00e9mica y contamos con un curr\u00edculo internacional que permite intercambios internacionales a Canad\u00e1, Reino Unido, USA y Francia, as\u00ed como asesor\u00eda estudiantil para estudios superiores en el exterior.\",\"publisher\":{\"@id\":\"https:\/\/laarboleda.edu.co\/es\/#organization\"},\"potentialAction\":[{\"@type\":\"SearchAction\",\"target\":{\"@type\":\"EntryPoint\",\"urlTemplate\":\"https:\/\/laarboleda.edu.co\/es\/?s={search_term_string}\"},\"query-input\":{\"@type\":\"PropertyValueSpecification\",\"valueRequired\":true,\"valueName\":\"search_term_string\"}}],\"inLanguage\":\"es\"},{\"@type\":\"Organization\",\"@id\":\"https:\/\/laarboleda.edu.co\/es\/#organization\",\"name\":\"Arboleda School | International School Cali\",\"url\":\"https:\/\/laarboleda.edu.co\/es\/\",\"logo\":{\"@type\":\"ImageObject\",\"inLanguage\":\"es\",\"@id\":\"https:\/\/laarboleda.edu.co\/es\/#\/schema\/logo\/image\/\",\"url\":\"https:\/\/laarboleda.edu.co\/wp-content\/uploads\/sites\/34\/2024\/11\/cropped-LogoArboleda-2.png\",\"contentUrl\":\"https:\/\/laarboleda.edu.co\/wp-content\/uploads\/sites\/34\/2024\/11\/cropped-LogoArboleda-2.png\",\"width\":808,\"height\":388,\"caption\":\"Arboleda School | International School Cali\"},\"image\":{\"@id\":\"https:\/\/laarboleda.edu.co\/es\/#\/schema\/logo\/image\/\"},\"sameAs\":[\"https:\/\/www.facebook.com\/colegiolaarboleda\/\",\"https:\/\/www.instagram.com\/colegiolaarboleda\/\",\"https:\/\/www.youtube.com\/@ColegioLaArboledaCali\",\"https:\/\/www.linkedin.com\/company\/colegio-la-arboleda\"]}]}<\/script>\n<!-- \/ Yoast SEO plugin. -->","yoast_head_json":{"title":"Invitaci\u00f3n \"Noche de ritmos y tambores pode la solidaridad\" de Asofamilia - Arboleda School | International School Cali","robots":{"index":"index","follow":"follow","max-snippet":"max-snippet:-1","max-image-preview":"max-image-preview:large","max-video-preview":"max-video-preview:-1"},"canonical":"https:\/\/laarboleda.edu.co\/es\/school-news\/invitacion-noche-de-ritmos-y-tambores-pode-la-solidaridad-de-asofamilia\/","og_locale":"es_ES","og_type":"article","og_title":"Invitaci\u00f3n \"Noche de ritmos y tambores pode la solidaridad\" de Asofamilia - Arboleda School | International School Cali","og_description":"Invitaci\u00f3n \"Noche de ritmos y tambores pode la solidaridad\" de Asofamilia","og_url":"https:\/\/laarboleda.edu.co\/es\/school-news\/invitacion-noche-de-ritmos-y-tambores-pode-la-solidaridad-de-asofamilia\/","og_site_name":"Arboleda School | International School Cali","article_publisher":"https:\/\/www.facebook.com\/colegiolaarboleda\/","og_image":[{"url":"https:\/\/laarboleda.edu.co\/wp-content\/uploads\/sites\/34\/2025\/01\/piezas-pagina-web-01-1-4.jpg","type":"","width":"","height":""}],"twitter_card":"summary_large_image","twitter_misc":{"Tiempo de lectura":"2 minutos"},"schema":{"@context":"https:\/\/schema.org","@graph":[{"@type":"WebPage","@id":"https:\/\/laarboleda.edu.co\/es\/school-news\/invitacion-noche-de-ritmos-y-tambores-pode-la-solidaridad-de-asofamilia\/","url":"https:\/\/laarboleda.edu.co\/es\/school-news\/invitacion-noche-de-ritmos-y-tambores-pode-la-solidaridad-de-asofamilia\/","name":"Invitaci\u00f3n \"Noche de ritmos y tambores pode la solidaridad\" de Asofamilia - Arboleda School | International School Cali","isPartOf":{"@id":"https:\/\/laarboleda.edu.co\/es\/#website"},"primaryImageOfPage":{"@id":"https:\/\/laarboleda.edu.co\/es\/school-news\/invitacion-noche-de-ritmos-y-tambores-pode-la-solidaridad-de-asofamilia\/#primaryimage"},"image":{"@id":"https:\/\/laarboleda.edu.co\/es\/school-news\/invitacion-noche-de-ritmos-y-tambores-pode-la-solidaridad-de-asofamilia\/#primaryimage"},"thumbnailUrl":"https:\/\/laarboleda.edu.co\/wp-content\/uploads\/sites\/34\/2025\/01\/piezas-pagina-web-01-1-2-scaled-1.jpg","datePublished":"2024-05-15T22:12:57+00:00","breadcrumb":{"@id":"https:\/\/laarboleda.edu.co\/es\/school-news\/invitacion-noche-de-ritmos-y-tambores-pode-la-solidaridad-de-asofamilia\/#breadcrumb"},"inLanguage":"es","potentialAction":[{"@type":"ReadAction","target":["https:\/\/laarboleda.edu.co\/es\/school-news\/invitacion-noche-de-ritmos-y-tambores-pode-la-solidaridad-de-asofamilia\/"]}]},{"@type":"ImageObject","inLanguage":"es","@id":"https:\/\/laarboleda.edu.co\/es\/school-news\/invitacion-noche-de-ritmos-y-tambores-pode-la-solidaridad-de-asofamilia\/#primaryimage","url":"https:\/\/laarboleda.edu.co\/wp-content\/uploads\/sites\/34\/2025\/01\/piezas-pagina-web-01-1-2-scaled-1.jpg","contentUrl":"https:\/\/laarboleda.edu.co\/wp-content\/uploads\/sites\/34\/2025\/01\/piezas-pagina-web-01-1-2-scaled-1.jpg","width":2560,"height":1195},{"@type":"BreadcrumbList","@id":"https:\/\/laarboleda.edu.co\/es\/school-news\/invitacion-noche-de-ritmos-y-tambores-pode-la-solidaridad-de-asofamilia\/#breadcrumb","itemListElement":[{"@type":"ListItem","position":1,"name":"Home","item":"https:\/\/laarboleda.edu.co\/es\/"},{"@type":"ListItem","position":2,"name":"Invitaci\u00f3n &#8220;Noche de ritmos y tambores pode la solidaridad&#8221; de Asofamilia"}]},{"@type":"WebSite","@id":"https:\/\/laarboleda.edu.co\/es\/#website","url":"https:\/\/laarboleda.edu.co\/es\/","name":"Arboleda School | International School Cali","description":"Nos enfocamos en el desarrollo del ser y en el respeto a las diferencias. Adem\u00e1s, somos un colegio biling\u00fce (ingl\u00e9s y espa\u00f1ol, y franc\u00e9s como tercera lengua) de excelencia acad\u00e9mica y contamos con un curr\u00edculo internacional que permite intercambios internacionales a Canad\u00e1, Reino Unido, USA y Francia, as\u00ed como asesor\u00eda estudiantil para estudios superiores en el exterior.","publisher":{"@id":"https:\/\/laarboleda.edu.co\/es\/#organization"},"potentialAction":[{"@type":"SearchAction","target":{"@type":"EntryPoint","urlTemplate":"https:\/\/laarboleda.edu.co\/es\/?s={search_term_string}"},"query-input":{"@type":"PropertyValueSpecification","valueRequired":true,"valueName":"search_term_string"}}],"inLanguage":"es"},{"@type":"Organization","@id":"https:\/\/laarboleda.edu.co\/es\/#organization","name":"Arboleda School | International School Cali","url":"https:\/\/laarboleda.edu.co\/es\/","logo":{"@type":"ImageObject","inLanguage":"es","@id":"https:\/\/laarboleda.edu.co\/es\/#\/schema\/logo\/image\/","url":"https:\/\/laarboleda.edu.co\/wp-content\/uploads\/sites\/34\/2024\/11\/cropped-LogoArboleda-2.png","contentUrl":"https:\/\/laarboleda.edu.co\/wp-content\/uploads\/sites\/34\/2024\/11\/cropped-LogoArboleda-2.png","width":808,"height":388,"caption":"Arboleda School | International School Cali"},"image":{"@id":"https:\/\/laarboleda.edu.co\/es\/#\/schema\/logo\/image\/"},"sameAs":["https:\/\/www.facebook.com\/colegiolaarboleda\/","https:\/\/www.instagram.com\/colegiolaarboleda\/","https:\/\/www.youtube.com\/@ColegioLaArboledaCali","https:\/\/www.linkedin.com\/company\/colegio-la-arboleda"]}]}},"jetpack_sharing_enabled":true,"_links":{"self":[{"href":"https:\/\/laarboleda.edu.co\/es\/wp-json\/wp\/v2\/school-news\/240","targetHints":{"allow":["GET"]}}],"collection":[{"href":"https:\/\/laarboleda.edu.co\/es\/wp-json\/wp\/v2\/school-news"}],"about":[{"href":"https:\/\/laarboleda.edu.co\/es\/wp-json\/wp\/v2\/types\/school-news"}],"version-history":[{"count":0,"href":"https:\/\/laarboleda.edu.co\/es\/wp-json\/wp\/v2\/school-news\/240\/revisions"}],"wp:featuredmedia":[{"embeddable":true,"href":"https:\/\/laarboleda.edu.co\/es\/wp-json\/wp\/v2\/media\/248"}],"wp:attachment":[{"href":"https:\/\/laarboleda.edu.co\/es\/wp-json\/wp\/v2\/media?parent=240"}],"curies":[{"name":"wp","href":"https:\/\/api.w.org\/{rel}","templated":true}]}}