{"id":142,"date":"2024-05-15T22:14:00","date_gmt":"2024-05-15T22:14:00","guid":{"rendered":"https:\/\/qrealo.cl\/laarboleda\/index.php\/2024\/05\/15\/samuel-lozano-participo-en-torneo-bmx\/"},"modified":"2024-05-15T22:14:00","modified_gmt":"2024-05-15T22:14:00","slug":"samuel-lozano-participo-en-torneo-bmx","status":"publish","type":"school-news","link":"https:\/\/laarboleda.edu.co\/es\/school-news\/samuel-lozano-participo-en-torneo-bmx\/","title":{"rendered":"Samuel Lozano particip\u00f3 en torneo BMX"},"content":{"rendered":"<p><span id=\"hs_cos_wrapper_post_body\" class=\"hs_cos_wrapper hs_cos_wrapper_meta_field hs_cos_wrapper_type_rich_text\" data-hs-cos-general-type=\"meta_field\" data-hs-cos-type=\"rich_text\"><\/p>\n<p><a href=\"https:\/\/6240508.fs1.hubspotusercontent-na1.net\/hubfs\/6240508\/Imported_Blog_Media\/samu-2.jpg\" rel=\" noopener\" style=\"background-color: transparent;color: #fa5555\"><img fetchpriority=\"high\" decoding=\"async\" class=\"alignnone wp-image-11251\" src=\"https:\/\/laarboleda.edu.co\/wp-content\/uploads\/sites\/34\/2025\/01\/samu-2-300x300-1.jpg\" alt=\"\" width=\"401\" height=\"401\" style=\"margin-left: auto;margin-right: auto\"><\/a><\/p>\n<p style=\"text-align: left\">Samuel Lozano Rivera, estudiante de grado 3\u00ba del&nbsp;<a class=\"_58cn\" href=\"https:\/\/www.facebook.com\/hashtag\/colegiolaarboleda?source=feed_text&amp;epa=HASHTAG&amp;__xts__%5B0%5D=68.ARAHEBH6Wz0c74vxaUUuZ_uIUYZmlqlJr3KP1Nbg_Vx3fQ8HHc3xfIWYq5_ODIGTHMCBShc02IFRTg0_rH73p09ooFArc9VTRGBjE8_CZk5GXDbibVh3dMRP0ywlSyjTFor6u-d9usy7tJzJL_7uWutOqFbVeH6m1JtLE-_NGEobDF8G2Yg7tnwoEJTotD_sWALtfgS9jixY9JE8vRPOc9Wt2th1Po6HClpXekSOviw2AZ4QFAPGP2WHL0sr3VEAV90DkczR2U05AeLDioJOT7er6W7HZQtshg75S3o_SW64fYHHsmVnFcjKaqPJq1CohhlBjkidYBfvPF0zdFLrOwQ&amp;__tn__=%2ANK-R\" data-ft=\"{&quot;type&quot;:104,&quot;tn&quot;:&quot;*N&quot;}\"><span class=\"_5afx\"><span class=\"_58cl _5afz\" aria-label=\"hashtag\">#<\/span><span class=\"_58cm\">ColegioLaArboleda<\/span><\/span><\/a>, particip\u00f3 finalizando el a\u00f1o anterior en el torneo vallecaucano de BMX 2018 y alcanz\u00f3 la posici\u00f3n n\u00famero 7 en el podium en su categor\u00eda de 9 a 10 a\u00f1os principiantes y obtuvo como resultado final el tercer puesto dicha categor\u00eda.<br \/>Este resultado <span style=\"background-color: transparent\">le da el derecho a participar en las nacionales en de este torneo BMX para este a\u00f1o 2019. Samuel viene trabajando decididamente para hacer de esta disciplina un gran talento. Felicitaciones a nuestro deportista y a su familia.<\/span><span class=\"_5mfr\" style=\"background-color: transparent\"><span class=\"_6qdm\"><\/span><\/span><span class=\"_5mfr\" style=\"background-color: transparent\"><span class=\"_6qdm\">\u200d\u2642\ufe0f<\/span><\/span><\/p>\n<p> <!--more--> <\/p>\n<p>&nbsp;<\/p>\n<p><a href=\"https:\/\/cdn2.hubspot.net\/hubfs\/5140032\/Imported_Blog_Media\/samu-2.jpg\" rel=\" noopener\"><\/a>&nbsp;<a href=\"https:\/\/6240508.fs1.hubspotusercontent-na1.net\/hubfs\/6240508\/Imported_Blog_Media\/samu-3.jpg\" rel=\" noopener\"><img decoding=\"async\" class=\"alignnone wp-image-11252\" src=\"https:\/\/laarboleda.edu.co\/wp-content\/uploads\/sites\/34\/2025\/01\/samu-3-300x298-3.jpg\" alt=\"\" width=\"381\" style=\"float: left;width: 381px\">&nbsp;<\/a><a href=\"https:\/\/6240508.fs1.hubspotusercontent-na1.net\/hubfs\/6240508\/Imported_Blog_Media\/samu4-e1548362367827.jpg\" rel=\" noopener\"><img decoding=\"async\" class=\"alignnone wp-image-11253\" src=\"https:\/\/laarboleda.edu.co\/wp-content\/uploads\/sites\/34\/2025\/01\/samu4-e1548362367827-287x300-1.jpg\" alt=\"\" width=\"383\" height=\"400\">&nbsp;<\/a><\/p>\n<p>&nbsp;<\/p>\n<p><a href=\"https:\/\/6240508.fs1.hubspotusercontent-na1.net\/hubfs\/6240508\/Imported_Blog_Media\/samu5.jpg\" rel=\" noopener\"><img decoding=\"async\" class=\"alignnone wp-image-11254\" src=\"https:\/\/laarboleda.edu.co\/wp-content\/uploads\/sites\/34\/2025\/01\/samu5-300x225-Feb-27-2024-08-32-14-8358-PM.jpg\" alt=\"\" width=\"382\" style=\"width: 382px\"><\/a><\/p>\n<p><\/span><\/p>\n","protected":false},"excerpt":{"rendered":"<p>Samuel Lozano particip\u00f3 en torneo BMX<\/p>\n","protected":false},"featured_media":143,"template":"","class_list":["post-142","school-news","type-school-news","status-publish","has-post-thumbnail","hentry"],"acf":[],"yoast_head":"<!-- This site is optimized with the Yoast SEO plugin v27.1.1 - https:\/\/yoast.com\/product\/yoast-seo-wordpress\/ -->\n<title>Samuel Lozano particip\u00f3 en torneo BMX - Arboleda School | International School Cali<\/title>\n<meta name=\"robots\" content=\"index, follow, max-snippet:-1, max-image-preview:large, max-video-preview:-1\" \/>\n<link rel=\"canonical\" href=\"https:\/\/laarboleda.edu.co\/es\/school-news\/samuel-lozano-participo-en-torneo-bmx\/\" \/>\n<meta property=\"og:locale\" content=\"es_ES\" \/>\n<meta property=\"og:type\" content=\"article\" \/>\n<meta property=\"og:title\" content=\"Samuel Lozano particip\u00f3 en torneo BMX - Arboleda School | International School Cali\" \/>\n<meta property=\"og:description\" content=\"Samuel Lozano particip\u00f3 en torneo BMX\" \/>\n<meta property=\"og:url\" content=\"https:\/\/laarboleda.edu.co\/es\/school-news\/samuel-lozano-participo-en-torneo-bmx\/\" \/>\n<meta property=\"og:site_name\" content=\"Arboleda School | International School Cali\" \/>\n<meta property=\"article:publisher\" content=\"https:\/\/www.facebook.com\/colegiolaarboleda\/\" \/>\n<meta property=\"og:image\" content=\"https:\/\/laarboleda.edu.co\/wp-content\/uploads\/sites\/34\/2024\/11\/cropped-LogoArboleda-2.png\" \/>\n\t<meta property=\"og:image:width\" content=\"808\" \/>\n\t<meta property=\"og:image:height\" content=\"388\" \/>\n\t<meta property=\"og:image:type\" content=\"image\/png\" \/>\n<meta name=\"twitter:card\" content=\"summary_large_image\" \/>\n<script type=\"application\/ld+json\" class=\"yoast-schema-graph\">{\"@context\":\"https:\/\/schema.org\",\"@graph\":[{\"@type\":\"WebPage\",\"@id\":\"https:\/\/laarboleda.edu.co\/es\/school-news\/samuel-lozano-participo-en-torneo-bmx\/\",\"url\":\"https:\/\/laarboleda.edu.co\/es\/school-news\/samuel-lozano-participo-en-torneo-bmx\/\",\"name\":\"Samuel Lozano particip\u00f3 en torneo BMX - Arboleda School | International School Cali\",\"isPartOf\":{\"@id\":\"https:\/\/laarboleda.edu.co\/es\/#website\"},\"primaryImageOfPage\":{\"@id\":\"https:\/\/laarboleda.edu.co\/es\/school-news\/samuel-lozano-participo-en-torneo-bmx\/#primaryimage\"},\"image\":{\"@id\":\"https:\/\/laarboleda.edu.co\/es\/school-news\/samuel-lozano-participo-en-torneo-bmx\/#primaryimage\"},\"thumbnailUrl\":\"https:\/\/laarboleda.edu.co\/wp-content\/uploads\/sites\/34\/2025\/01\/samu-2-300x300-1.jpg\",\"datePublished\":\"2024-05-15T22:14:00+00:00\",\"breadcrumb\":{\"@id\":\"https:\/\/laarboleda.edu.co\/es\/school-news\/samuel-lozano-participo-en-torneo-bmx\/#breadcrumb\"},\"inLanguage\":\"es\",\"potentialAction\":[{\"@type\":\"ReadAction\",\"target\":[\"https:\/\/laarboleda.edu.co\/es\/school-news\/samuel-lozano-participo-en-torneo-bmx\/\"]}]},{\"@type\":\"ImageObject\",\"inLanguage\":\"es\",\"@id\":\"https:\/\/laarboleda.edu.co\/es\/school-news\/samuel-lozano-participo-en-torneo-bmx\/#primaryimage\",\"url\":\"https:\/\/laarboleda.edu.co\/wp-content\/uploads\/sites\/34\/2025\/01\/samu-2-300x300-1.jpg\",\"contentUrl\":\"https:\/\/laarboleda.edu.co\/wp-content\/uploads\/sites\/34\/2025\/01\/samu-2-300x300-1.jpg\",\"width\":300,\"height\":300},{\"@type\":\"BreadcrumbList\",\"@id\":\"https:\/\/laarboleda.edu.co\/es\/school-news\/samuel-lozano-participo-en-torneo-bmx\/#breadcrumb\",\"itemListElement\":[{\"@type\":\"ListItem\",\"position\":1,\"name\":\"Home\",\"item\":\"https:\/\/laarboleda.edu.co\/es\/\"},{\"@type\":\"ListItem\",\"position\":2,\"name\":\"Samuel Lozano particip\u00f3 en torneo BMX\"}]},{\"@type\":\"WebSite\",\"@id\":\"https:\/\/laarboleda.edu.co\/es\/#website\",\"url\":\"https:\/\/laarboleda.edu.co\/es\/\",\"name\":\"Arboleda School | International School Cali\",\"description\":\"Nos enfocamos en el desarrollo del ser y en el respeto a las diferencias. Adem\u00e1s, somos un colegio biling\u00fce (ingl\u00e9s y espa\u00f1ol, y franc\u00e9s como tercera lengua) de excelencia acad\u00e9mica y contamos con un curr\u00edculo internacional que permite intercambios internacionales a Canad\u00e1, Reino Unido, USA y Francia, as\u00ed como asesor\u00eda estudiantil para estudios superiores en el exterior.\",\"publisher\":{\"@id\":\"https:\/\/laarboleda.edu.co\/es\/#organization\"},\"potentialAction\":[{\"@type\":\"SearchAction\",\"target\":{\"@type\":\"EntryPoint\",\"urlTemplate\":\"https:\/\/laarboleda.edu.co\/es\/?s={search_term_string}\"},\"query-input\":{\"@type\":\"PropertyValueSpecification\",\"valueRequired\":true,\"valueName\":\"search_term_string\"}}],\"inLanguage\":\"es\"},{\"@type\":\"Organization\",\"@id\":\"https:\/\/laarboleda.edu.co\/es\/#organization\",\"name\":\"Arboleda School | International School Cali\",\"url\":\"https:\/\/laarboleda.edu.co\/es\/\",\"logo\":{\"@type\":\"ImageObject\",\"inLanguage\":\"es\",\"@id\":\"https:\/\/laarboleda.edu.co\/es\/#\/schema\/logo\/image\/\",\"url\":\"https:\/\/laarboleda.edu.co\/wp-content\/uploads\/sites\/34\/2024\/11\/cropped-LogoArboleda-2.png\",\"contentUrl\":\"https:\/\/laarboleda.edu.co\/wp-content\/uploads\/sites\/34\/2024\/11\/cropped-LogoArboleda-2.png\",\"width\":808,\"height\":388,\"caption\":\"Arboleda School | International School Cali\"},\"image\":{\"@id\":\"https:\/\/laarboleda.edu.co\/es\/#\/schema\/logo\/image\/\"},\"sameAs\":[\"https:\/\/www.facebook.com\/colegiolaarboleda\/\",\"https:\/\/www.instagram.com\/colegiolaarboleda\/\",\"https:\/\/www.youtube.com\/@ColegioLaArboledaCali\",\"https:\/\/www.linkedin.com\/company\/colegio-la-arboleda\"]}]}<\/script>\n<!-- \/ Yoast SEO plugin. -->","yoast_head_json":{"title":"Samuel Lozano particip\u00f3 en torneo BMX - Arboleda School | International School Cali","robots":{"index":"index","follow":"follow","max-snippet":"max-snippet:-1","max-image-preview":"max-image-preview:large","max-video-preview":"max-video-preview:-1"},"canonical":"https:\/\/laarboleda.edu.co\/es\/school-news\/samuel-lozano-participo-en-torneo-bmx\/","og_locale":"es_ES","og_type":"article","og_title":"Samuel Lozano particip\u00f3 en torneo BMX - Arboleda School | International School Cali","og_description":"Samuel Lozano particip\u00f3 en torneo BMX","og_url":"https:\/\/laarboleda.edu.co\/es\/school-news\/samuel-lozano-participo-en-torneo-bmx\/","og_site_name":"Arboleda School | International School Cali","article_publisher":"https:\/\/www.facebook.com\/colegiolaarboleda\/","og_image":[{"width":808,"height":388,"url":"https:\/\/laarboleda.edu.co\/wp-content\/uploads\/sites\/34\/2024\/11\/cropped-LogoArboleda-2.png","type":"image\/png"}],"twitter_card":"summary_large_image","schema":{"@context":"https:\/\/schema.org","@graph":[{"@type":"WebPage","@id":"https:\/\/laarboleda.edu.co\/es\/school-news\/samuel-lozano-participo-en-torneo-bmx\/","url":"https:\/\/laarboleda.edu.co\/es\/school-news\/samuel-lozano-participo-en-torneo-bmx\/","name":"Samuel Lozano particip\u00f3 en torneo BMX - Arboleda School | International School Cali","isPartOf":{"@id":"https:\/\/laarboleda.edu.co\/es\/#website"},"primaryImageOfPage":{"@id":"https:\/\/laarboleda.edu.co\/es\/school-news\/samuel-lozano-participo-en-torneo-bmx\/#primaryimage"},"image":{"@id":"https:\/\/laarboleda.edu.co\/es\/school-news\/samuel-lozano-participo-en-torneo-bmx\/#primaryimage"},"thumbnailUrl":"https:\/\/laarboleda.edu.co\/wp-content\/uploads\/sites\/34\/2025\/01\/samu-2-300x300-1.jpg","datePublished":"2024-05-15T22:14:00+00:00","breadcrumb":{"@id":"https:\/\/laarboleda.edu.co\/es\/school-news\/samuel-lozano-participo-en-torneo-bmx\/#breadcrumb"},"inLanguage":"es","potentialAction":[{"@type":"ReadAction","target":["https:\/\/laarboleda.edu.co\/es\/school-news\/samuel-lozano-participo-en-torneo-bmx\/"]}]},{"@type":"ImageObject","inLanguage":"es","@id":"https:\/\/laarboleda.edu.co\/es\/school-news\/samuel-lozano-participo-en-torneo-bmx\/#primaryimage","url":"https:\/\/laarboleda.edu.co\/wp-content\/uploads\/sites\/34\/2025\/01\/samu-2-300x300-1.jpg","contentUrl":"https:\/\/laarboleda.edu.co\/wp-content\/uploads\/sites\/34\/2025\/01\/samu-2-300x300-1.jpg","width":300,"height":300},{"@type":"BreadcrumbList","@id":"https:\/\/laarboleda.edu.co\/es\/school-news\/samuel-lozano-participo-en-torneo-bmx\/#breadcrumb","itemListElement":[{"@type":"ListItem","position":1,"name":"Home","item":"https:\/\/laarboleda.edu.co\/es\/"},{"@type":"ListItem","position":2,"name":"Samuel Lozano particip\u00f3 en torneo BMX"}]},{"@type":"WebSite","@id":"https:\/\/laarboleda.edu.co\/es\/#website","url":"https:\/\/laarboleda.edu.co\/es\/","name":"Arboleda School | International School Cali","description":"Nos enfocamos en el desarrollo del ser y en el respeto a las diferencias. Adem\u00e1s, somos un colegio biling\u00fce (ingl\u00e9s y espa\u00f1ol, y franc\u00e9s como tercera lengua) de excelencia acad\u00e9mica y contamos con un curr\u00edculo internacional que permite intercambios internacionales a Canad\u00e1, Reino Unido, USA y Francia, as\u00ed como asesor\u00eda estudiantil para estudios superiores en el exterior.","publisher":{"@id":"https:\/\/laarboleda.edu.co\/es\/#organization"},"potentialAction":[{"@type":"SearchAction","target":{"@type":"EntryPoint","urlTemplate":"https:\/\/laarboleda.edu.co\/es\/?s={search_term_string}"},"query-input":{"@type":"PropertyValueSpecification","valueRequired":true,"valueName":"search_term_string"}}],"inLanguage":"es"},{"@type":"Organization","@id":"https:\/\/laarboleda.edu.co\/es\/#organization","name":"Arboleda School | International School Cali","url":"https:\/\/laarboleda.edu.co\/es\/","logo":{"@type":"ImageObject","inLanguage":"es","@id":"https:\/\/laarboleda.edu.co\/es\/#\/schema\/logo\/image\/","url":"https:\/\/laarboleda.edu.co\/wp-content\/uploads\/sites\/34\/2024\/11\/cropped-LogoArboleda-2.png","contentUrl":"https:\/\/laarboleda.edu.co\/wp-content\/uploads\/sites\/34\/2024\/11\/cropped-LogoArboleda-2.png","width":808,"height":388,"caption":"Arboleda School | International School Cali"},"image":{"@id":"https:\/\/laarboleda.edu.co\/es\/#\/schema\/logo\/image\/"},"sameAs":["https:\/\/www.facebook.com\/colegiolaarboleda\/","https:\/\/www.instagram.com\/colegiolaarboleda\/","https:\/\/www.youtube.com\/@ColegioLaArboledaCali","https:\/\/www.linkedin.com\/company\/colegio-la-arboleda"]}]}},"jetpack_sharing_enabled":true,"_links":{"self":[{"href":"https:\/\/laarboleda.edu.co\/es\/wp-json\/wp\/v2\/school-news\/142","targetHints":{"allow":["GET"]}}],"collection":[{"href":"https:\/\/laarboleda.edu.co\/es\/wp-json\/wp\/v2\/school-news"}],"about":[{"href":"https:\/\/laarboleda.edu.co\/es\/wp-json\/wp\/v2\/types\/school-news"}],"version-history":[{"count":0,"href":"https:\/\/laarboleda.edu.co\/es\/wp-json\/wp\/v2\/school-news\/142\/revisions"}],"wp:featuredmedia":[{"embeddable":true,"href":"https:\/\/laarboleda.edu.co\/es\/wp-json\/wp\/v2\/media\/143"}],"wp:attachment":[{"href":"https:\/\/laarboleda.edu.co\/es\/wp-json\/wp\/v2\/media?parent=142"}],"curies":[{"name":"wp","href":"https:\/\/api.w.org\/{rel}","templated":true}]}}