{"id":518,"date":"2024-05-15T22:09:48","date_gmt":"2024-05-15T22:09:48","guid":{"rendered":"https:\/\/qrealo.cl\/laarboleda\/index.php\/2024\/05\/15\/llegaron-las-vacaciones-escolares-planear-o-improvisar\/"},"modified":"2024-05-15T22:09:48","modified_gmt":"2024-05-15T22:09:48","slug":"llegaron-las-vacaciones-escolares-planear-o-improvisar","status":"publish","type":"blog","link":"https:\/\/laarboleda.edu.co\/es\/blog\/llegaron-las-vacaciones-escolares-planear-o-improvisar\/","title":{"rendered":"Llegaron las vacaciones escolares: \u00bfplanear o improvisar?"},"content":{"rendered":"<p><span id=\"hs_cos_wrapper_post_body\" class=\"hs_cos_wrapper hs_cos_wrapper_meta_field hs_cos_wrapper_type_rich_text\" data-hs-cos-general-type=\"meta_field\" data-hs-cos-type=\"rich_text\"><\/p>\n<p>Llegan las vacaciones escolares y muchos padres de familia se preparan para viajar, algunos para inscribir a sus hijos en los campos de verano y otros tantos para quedarse en casa. Esta \u00faltima opci\u00f3n es para muchos padres la m\u00e1s cr\u00edtica, pues, ante la falta de tiempo o de creatividad de los padres el espacio de vacaciones se convierte en &nbsp;una odisea.<\/p>\n<p> <!--more--><span style=\"background-color: transparent\">Olga Cecilia Laserna Guti\u00e9rrez, Licenciada en Educaci\u00f3n para la Primera Infancia, con \u00e9nfasis en Inclusi\u00f3n y profesora de prek\u00ednder del Colegio La Arboleda, habla sobre la importancia de preparar actividades para las vacaciones, mantener las rutinas y anticipar todos los planes para que, tanto ni\u00f1os como padres, disfruten de una temporada de recreaci\u00f3n y descanso.<\/span> <\/p>\n<p>Para la Licenciada, a muchos padres les preocupa que sus hijos se vayan a aburrir sin hacer nada, pero no se trata de ocuparlos con actividades todo el d\u00eda, los momentos de ocio son muy importantes para que los ni\u00f1os desarrollen su creatividad. <em>\u201cHay que encontrar un balance entre los tiempos libres y las actividades\u201d. <\/em><\/p>\n<p>Otro aspecto para tener en cuenta, es el cumplimiento de las rutinas, especialmente, las de alimentaci\u00f3n, y descanso. Los ni\u00f1os necesitan rutinas y estructura para sentirse seguros a\u00fan en vacaciones, ya que sienten ansiedad de no saber qu\u00e9 va a suceder en los d\u00edas siguientes de descanso. Por eso, es importante anticipar &nbsp;y hablar de estos &nbsp;cambios con los ni\u00f1os.<\/p>\n<p><img decoding=\"async\" src=\"https:\/\/laarboleda.edu.co\/wp-content\/uploads\/sites\/34\/2025\/01\/vacaciones2-1.jpg\" alt=\"vacaciones2\" width=\"776\" style=\"width: 776px\"><\/p>\n<p><strong>\u00bfQu\u00e9 hacer en vacaciones?<\/strong><\/p>\n<p>La consigna de las vacaciones es que todos puedan relajarse y disfrutar, tanto adultos como peque\u00f1os. Si los padres est\u00e1n todo el tiempo estresados por los ni\u00f1os, acaban pas\u00e1ndola mal, tanto unos como otros. Por eso, Laserna recomienda tener en cuenta&nbsp;los siguientes aspectos para &nbsp;encarar las&nbsp;vacaciones en familia con actitud positiva.<\/p>\n<ul>\n<li><strong>Anticipar: <\/strong>Hablar con los hijos sobre los planes que se van a realizar en las vacaciones. Contarles lo que est\u00e1 presupuestado en el d\u00eda a d\u00eda los har\u00e1 sentir m\u00e1s seguros.<\/li>\n<\/ul>\n<p>&nbsp;<\/p>\n<ul>\n<li><strong style=\"background-color: transparent\">Planear y organizar las actividades: <\/strong><span style=\"background-color: transparent\">pensar con antelaci\u00f3n las actividades que m\u00e1s disfrutan los ni\u00f1os, es una manera de hacerle \u2018quite\u2019 a la improvisaci\u00f3n. Las actividades al aire libre, los deportes, en especial la nataci\u00f3n, son clave para que los ni\u00f1os canalicen toda la energ\u00eda con la que comienzan las vacaciones.<\/span><span style=\"background-color: transparent\"><\/span><\/li>\n<\/ul>\n<p>&nbsp;<\/p>\n<ul>\n<li><strong style=\"background-color: transparent\">Incluir el verde: <\/strong><span style=\"background-color: transparent\">Las actividades relacionadas con el medio ambiente son importantes para estimular la parte sensorial y crear conexi\u00f3n y conciencia del cuidado del planeta. Las caminatas, las visitas al zool\u00f3gico, los paseos a los r\u00edos, o jardines bot\u00e1nicos y p\u00edcnics hacen parte de la oferta de actividades que la ciudad ofrece.<\/span><\/li>\n<\/ul>\n<p>&nbsp;<\/p>\n<ul>\n<li><strong style=\"background-color: transparent\">Descansar de la tecnolog\u00eda: <\/strong><span style=\"background-color: transparent\">Tener vacaciones de las tabletas, tel\u00e9fonos inteligentes, televisores y dem\u00e1s dispositivos electr\u00f3nicos, no solo ayuda a mejorar la concentraci\u00f3n de los ni\u00f1os, sino que permite interactuar m\u00e1s entre familia.<\/span><\/li>\n<\/ul>\n<p>&nbsp;<\/p>\n<ul>\n<li><strong style=\"background-color: transparent\">Disfrutar en familia:<\/strong><span style=\"background-color: transparent\"> Esta es la meta de las vacaciones. Las actividades realizadas en familia como ir al r\u00edo, salir de caminata a la monta\u00f1a, o sencillamente jugar con un bal\u00f3n o comer un helado, no importa qu\u00e9, deben generar felicidad. El tiempo compartido en familia sin ning\u00fan tipo de condici\u00f3n, enriquece la relaci\u00f3n familiar y fomenta el v\u00ednculo afectivo entre los miembros del hogar.<\/span><\/li>\n<\/ul>\n<p>&nbsp;<\/p>\n<ul>\n<li><strong style=\"background-color: transparent\">No escolarizar:<\/strong><span style=\"background-color: transparent\"> Las vacaciones no son para hacer tareas o repasar las asignaturas que quedaron pendientes del colegio. Las vacaciones significan desconectarse de la rutina escolar para darles paso a los descansos f\u00edsico y metal y al descubrimiento de nuevas cosas.<\/span><\/li>\n<\/ul>\n<p>&nbsp;<\/p>\n<ul>\n<li><strong style=\"background-color: transparent\">Actitud positiva<\/strong><span style=\"background-color: transparent\">: Ante todo hay que mantener una buena disposici\u00f3n en este periodo de descanso. Si los padres olvidan los agobios, el estr\u00e9s, los rega\u00f1os innecesarios, contribuyen a crear un mejor ambiente familiar y ser\u00e1 m\u00e1s f\u00e1cil la convivencia entre todos, y lo m\u00e1s importante, disfrutar\u00e1n de unas&nbsp;enriquecidas vacaciones en familia.<\/span><span style=\"background-color: transparent\"><\/span><span style=\"background-color: transparent\"><\/span><\/li>\n<\/ul>\n<p><span style=\"background-color: transparent\">Finalmente, lo mas importante de las vacaciones sin importar el&nbsp; lugar donde los padres y los ni\u00f1os las disfruten, es compartir tiempo de calidad en familia. \u00a1Felices Vacaciones!<\/span><\/p>\n<p><span style=\"background-color: transparent\"><br \/>\n   <!--more--><\/span><\/p>\n<p style=\"text-align: center\"><strong>Nos importa la educaci\u00f3n de tus hijos. Conoce nuestra propuesta pedag\u00f3gica.<\/strong><\/p>\n<p>\n  <!--HubSpot Call-to-Action Code --><span class=\"hs-cta-wrapper\" id=\"hs-cta-wrapper-e9329441-d8a4-4c14-974f-f29c24a6578f\"><span class=\"hs-cta-node hs-cta-e9329441-d8a4-4c14-974f-f29c24a6578f\" id=\"hs-cta-e9329441-d8a4-4c14-974f-f29c24a6578f\" data-hs-drop=\"true\" style=\"text-align: center\"><a id=\"cta_button_5140032_4697d547-f1f2-475f-98d3-f797e63633bb\" class=\"cta_button \" href=\"https:\/\/blog.laarboleda.edu.co\/cs\/c\/?cta_guid=4697d547-f1f2-475f-98d3-f797e63633bb&amp;signature=AAH58kFTpICOezZAA970ABoeDh0m41FIJg&amp;pageId=10651226742&amp;placement_guid=e9329441-d8a4-4c14-974f-f29c24a6578f&amp;canon=https%3A%2F%2Fblog.laarboleda.edu.co%2Fllegaron-las-vacaciones-escolares-planear-o-improvisar&amp;portal_id=5140032&amp;__hstc=211750282.e9bd4d7e3d0a46c68bcbb017a5c1901f.1707793176138.1707793176138.1707793176138.1&amp;__hssc=211750282.1.1707793176138&amp;__hsfp=2656073202&amp;hsutk=e9bd4d7e3d0a46c68bcbb017a5c1901f&amp;contentType=blog-post\" style=\"margin: 20px auto\" title=\"Separa aqu\u00ed tu cita de admisiones\"><\/a><\/span><\/span><\/p>\n<div style=\"text-align: center\">\n  <a id=\"cta_button_5140032_4697d547-f1f2-475f-98d3-f797e63633bb\" class=\"cta_button \" href=\"https:\/\/blog.laarboleda.edu.co\/cs\/c\/?cta_guid=4697d547-f1f2-475f-98d3-f797e63633bb&amp;signature=AAH58kFTpICOezZAA970ABoeDh0m41FIJg&amp;pageId=10651226742&amp;placement_guid=e9329441-d8a4-4c14-974f-f29c24a6578f&amp;canon=https%3A%2F%2Fblog.laarboleda.edu.co%2Fllegaron-las-vacaciones-escolares-planear-o-improvisar&amp;portal_id=5140032&amp;__hstc=211750282.e9bd4d7e3d0a46c68bcbb017a5c1901f.1707793176138.1707793176138.1707793176138.1&amp;__hssc=211750282.1.1707793176138&amp;__hsfp=2656073202&amp;hsutk=e9bd4d7e3d0a46c68bcbb017a5c1901f&amp;contentType=blog-post\" style=\"margin: 20px auto\" title=\"Separa aqu\u00ed tu cita de admisiones\"><strong>Separa aqu\u00ed tu cita de admisiones<\/strong><\/a>\n <\/div>\n<p><\/span><\/p>\n<p> hbspt.cta._relativeUrls=true;hbspt.cta.load(5140032, &#8216;e9329441-d8a4-4c14-974f-f29c24a6578f&#8217;, {&#8220;useNewLoader&#8221;:&#8221;true&#8221;,&#8221;region&#8221;:&#8221;na1&#8243;});<br \/>\n<!-- end HubSpot Call-to-Action Code --><\/p>\n","protected":false},"excerpt":{"rendered":"<p>Olga Cecilia Laserna Guti\u00e9rrez, Licenciada en Educaci\u00f3n para la Primera Infancia habla sobre la importancia de preparar actividades para las vacaciones, mantener las rutinas y anticipar todos los planes para que, tanto ni\u00f1os como padres, disfruten de una temporada de recreaci\u00f3n y descanso.<\/p>\n","protected":false},"featured_media":526,"template":"","class_list":["post-518","blog","type-blog","status-publish","has-post-thumbnail","hentry"],"acf":[],"yoast_head":"<!-- This site is optimized with the Yoast SEO plugin v27.1.1 - https:\/\/yoast.com\/product\/yoast-seo-wordpress\/ -->\n<title>Llegaron las vacaciones escolares: \u00bfplanear o improvisar? - Arboleda School | International School Cali<\/title>\n<meta name=\"robots\" content=\"index, follow, max-snippet:-1, max-image-preview:large, max-video-preview:-1\" \/>\n<link rel=\"canonical\" href=\"https:\/\/laarboleda.edu.co\/es\/blog\/llegaron-las-vacaciones-escolares-planear-o-improvisar\/\" \/>\n<meta property=\"og:locale\" content=\"es_ES\" \/>\n<meta property=\"og:type\" content=\"article\" \/>\n<meta property=\"og:title\" content=\"Llegaron las vacaciones escolares: \u00bfplanear o improvisar? - Arboleda School | International School Cali\" \/>\n<meta property=\"og:description\" content=\"Olga Cecilia Laserna Guti\u00e9rrez, Licenciada en Educaci\u00f3n para la Primera Infancia habla sobre la importancia de preparar actividades para las vacaciones, mantener las rutinas y anticipar todos los planes para que, tanto ni\u00f1os como padres, disfruten de una temporada de recreaci\u00f3n y descanso.\" \/>\n<meta property=\"og:url\" content=\"https:\/\/laarboleda.edu.co\/es\/blog\/llegaron-las-vacaciones-escolares-planear-o-improvisar\/\" \/>\n<meta property=\"og:site_name\" content=\"Arboleda School | International School Cali\" \/>\n<meta property=\"article:publisher\" content=\"https:\/\/www.facebook.com\/colegiolaarboleda\/\" \/>\n<meta property=\"og:image\" content=\"https:\/\/laarboleda.edu.co\/wp-content\/uploads\/sites\/34\/2025\/01\/vacaciones2-1.jpg\" \/>\n<meta name=\"twitter:card\" content=\"summary_large_image\" \/>\n<meta name=\"twitter:label1\" content=\"Tiempo de lectura\" \/>\n\t<meta name=\"twitter:data1\" content=\"4 minutos\" \/>\n<script type=\"application\/ld+json\" class=\"yoast-schema-graph\">{\"@context\":\"https:\/\/schema.org\",\"@graph\":[{\"@type\":\"WebPage\",\"@id\":\"https:\/\/laarboleda.edu.co\/es\/blog\/llegaron-las-vacaciones-escolares-planear-o-improvisar\/\",\"url\":\"https:\/\/laarboleda.edu.co\/es\/blog\/llegaron-las-vacaciones-escolares-planear-o-improvisar\/\",\"name\":\"Llegaron las vacaciones escolares: \u00bfplanear o improvisar? - Arboleda School | International School Cali\",\"isPartOf\":{\"@id\":\"https:\/\/laarboleda.edu.co\/es\/#website\"},\"primaryImageOfPage\":{\"@id\":\"https:\/\/laarboleda.edu.co\/es\/blog\/llegaron-las-vacaciones-escolares-planear-o-improvisar\/#primaryimage\"},\"image\":{\"@id\":\"https:\/\/laarboleda.edu.co\/es\/blog\/llegaron-las-vacaciones-escolares-planear-o-improvisar\/#primaryimage\"},\"thumbnailUrl\":\"https:\/\/laarboleda.edu.co\/wp-content\/uploads\/sites\/34\/2025\/01\/vacaciones3-1.jpg\",\"datePublished\":\"2024-05-15T22:09:48+00:00\",\"breadcrumb\":{\"@id\":\"https:\/\/laarboleda.edu.co\/es\/blog\/llegaron-las-vacaciones-escolares-planear-o-improvisar\/#breadcrumb\"},\"inLanguage\":\"es\",\"potentialAction\":[{\"@type\":\"ReadAction\",\"target\":[\"https:\/\/laarboleda.edu.co\/es\/blog\/llegaron-las-vacaciones-escolares-planear-o-improvisar\/\"]}]},{\"@type\":\"ImageObject\",\"inLanguage\":\"es\",\"@id\":\"https:\/\/laarboleda.edu.co\/es\/blog\/llegaron-las-vacaciones-escolares-planear-o-improvisar\/#primaryimage\",\"url\":\"https:\/\/laarboleda.edu.co\/wp-content\/uploads\/sites\/34\/2025\/01\/vacaciones3-1.jpg\",\"contentUrl\":\"https:\/\/laarboleda.edu.co\/wp-content\/uploads\/sites\/34\/2025\/01\/vacaciones3-1.jpg\",\"width\":776,\"height\":517},{\"@type\":\"BreadcrumbList\",\"@id\":\"https:\/\/laarboleda.edu.co\/es\/blog\/llegaron-las-vacaciones-escolares-planear-o-improvisar\/#breadcrumb\",\"itemListElement\":[{\"@type\":\"ListItem\",\"position\":1,\"name\":\"Home\",\"item\":\"https:\/\/laarboleda.edu.co\/es\/\"},{\"@type\":\"ListItem\",\"position\":2,\"name\":\"Llegaron las vacaciones escolares: \u00bfplanear o improvisar?\"}]},{\"@type\":\"WebSite\",\"@id\":\"https:\/\/laarboleda.edu.co\/es\/#website\",\"url\":\"https:\/\/laarboleda.edu.co\/es\/\",\"name\":\"Arboleda School | International School Cali\",\"description\":\"Nos enfocamos en el desarrollo del ser y en el respeto a las diferencias. Adem\u00e1s, somos un colegio biling\u00fce (ingl\u00e9s y espa\u00f1ol, y franc\u00e9s como tercera lengua) de excelencia acad\u00e9mica y contamos con un curr\u00edculo internacional que permite intercambios internacionales a Canad\u00e1, Reino Unido, USA y Francia, as\u00ed como asesor\u00eda estudiantil para estudios superiores en el exterior.\",\"publisher\":{\"@id\":\"https:\/\/laarboleda.edu.co\/es\/#organization\"},\"potentialAction\":[{\"@type\":\"SearchAction\",\"target\":{\"@type\":\"EntryPoint\",\"urlTemplate\":\"https:\/\/laarboleda.edu.co\/es\/?s={search_term_string}\"},\"query-input\":{\"@type\":\"PropertyValueSpecification\",\"valueRequired\":true,\"valueName\":\"search_term_string\"}}],\"inLanguage\":\"es\"},{\"@type\":\"Organization\",\"@id\":\"https:\/\/laarboleda.edu.co\/es\/#organization\",\"name\":\"Arboleda School | International School Cali\",\"url\":\"https:\/\/laarboleda.edu.co\/es\/\",\"logo\":{\"@type\":\"ImageObject\",\"inLanguage\":\"es\",\"@id\":\"https:\/\/laarboleda.edu.co\/es\/#\/schema\/logo\/image\/\",\"url\":\"https:\/\/laarboleda.edu.co\/wp-content\/uploads\/sites\/34\/2024\/11\/cropped-LogoArboleda-2.png\",\"contentUrl\":\"https:\/\/laarboleda.edu.co\/wp-content\/uploads\/sites\/34\/2024\/11\/cropped-LogoArboleda-2.png\",\"width\":808,\"height\":388,\"caption\":\"Arboleda School | International School Cali\"},\"image\":{\"@id\":\"https:\/\/laarboleda.edu.co\/es\/#\/schema\/logo\/image\/\"},\"sameAs\":[\"https:\/\/www.facebook.com\/colegiolaarboleda\/\",\"https:\/\/www.instagram.com\/colegiolaarboleda\/\",\"https:\/\/www.youtube.com\/@ColegioLaArboledaCali\",\"https:\/\/www.linkedin.com\/company\/colegio-la-arboleda\"]}]}<\/script>\n<!-- \/ Yoast SEO plugin. -->","yoast_head_json":{"title":"Llegaron las vacaciones escolares: \u00bfplanear o improvisar? - Arboleda School | International School Cali","robots":{"index":"index","follow":"follow","max-snippet":"max-snippet:-1","max-image-preview":"max-image-preview:large","max-video-preview":"max-video-preview:-1"},"canonical":"https:\/\/laarboleda.edu.co\/es\/blog\/llegaron-las-vacaciones-escolares-planear-o-improvisar\/","og_locale":"es_ES","og_type":"article","og_title":"Llegaron las vacaciones escolares: \u00bfplanear o improvisar? - Arboleda School | International School Cali","og_description":"Olga Cecilia Laserna Guti\u00e9rrez, Licenciada en Educaci\u00f3n para la Primera Infancia habla sobre la importancia de preparar actividades para las vacaciones, mantener las rutinas y anticipar todos los planes para que, tanto ni\u00f1os como padres, disfruten de una temporada de recreaci\u00f3n y descanso.","og_url":"https:\/\/laarboleda.edu.co\/es\/blog\/llegaron-las-vacaciones-escolares-planear-o-improvisar\/","og_site_name":"Arboleda School | International School Cali","article_publisher":"https:\/\/www.facebook.com\/colegiolaarboleda\/","og_image":[{"url":"https:\/\/laarboleda.edu.co\/wp-content\/uploads\/sites\/34\/2025\/01\/vacaciones2-1.jpg","type":"","width":"","height":""}],"twitter_card":"summary_large_image","twitter_misc":{"Tiempo de lectura":"4 minutos"},"schema":{"@context":"https:\/\/schema.org","@graph":[{"@type":"WebPage","@id":"https:\/\/laarboleda.edu.co\/es\/blog\/llegaron-las-vacaciones-escolares-planear-o-improvisar\/","url":"https:\/\/laarboleda.edu.co\/es\/blog\/llegaron-las-vacaciones-escolares-planear-o-improvisar\/","name":"Llegaron las vacaciones escolares: \u00bfplanear o improvisar? - Arboleda School | International School Cali","isPartOf":{"@id":"https:\/\/laarboleda.edu.co\/es\/#website"},"primaryImageOfPage":{"@id":"https:\/\/laarboleda.edu.co\/es\/blog\/llegaron-las-vacaciones-escolares-planear-o-improvisar\/#primaryimage"},"image":{"@id":"https:\/\/laarboleda.edu.co\/es\/blog\/llegaron-las-vacaciones-escolares-planear-o-improvisar\/#primaryimage"},"thumbnailUrl":"https:\/\/laarboleda.edu.co\/wp-content\/uploads\/sites\/34\/2025\/01\/vacaciones3-1.jpg","datePublished":"2024-05-15T22:09:48+00:00","breadcrumb":{"@id":"https:\/\/laarboleda.edu.co\/es\/blog\/llegaron-las-vacaciones-escolares-planear-o-improvisar\/#breadcrumb"},"inLanguage":"es","potentialAction":[{"@type":"ReadAction","target":["https:\/\/laarboleda.edu.co\/es\/blog\/llegaron-las-vacaciones-escolares-planear-o-improvisar\/"]}]},{"@type":"ImageObject","inLanguage":"es","@id":"https:\/\/laarboleda.edu.co\/es\/blog\/llegaron-las-vacaciones-escolares-planear-o-improvisar\/#primaryimage","url":"https:\/\/laarboleda.edu.co\/wp-content\/uploads\/sites\/34\/2025\/01\/vacaciones3-1.jpg","contentUrl":"https:\/\/laarboleda.edu.co\/wp-content\/uploads\/sites\/34\/2025\/01\/vacaciones3-1.jpg","width":776,"height":517},{"@type":"BreadcrumbList","@id":"https:\/\/laarboleda.edu.co\/es\/blog\/llegaron-las-vacaciones-escolares-planear-o-improvisar\/#breadcrumb","itemListElement":[{"@type":"ListItem","position":1,"name":"Home","item":"https:\/\/laarboleda.edu.co\/es\/"},{"@type":"ListItem","position":2,"name":"Llegaron las vacaciones escolares: \u00bfplanear o improvisar?"}]},{"@type":"WebSite","@id":"https:\/\/laarboleda.edu.co\/es\/#website","url":"https:\/\/laarboleda.edu.co\/es\/","name":"Arboleda School | International School Cali","description":"Nos enfocamos en el desarrollo del ser y en el respeto a las diferencias. Adem\u00e1s, somos un colegio biling\u00fce (ingl\u00e9s y espa\u00f1ol, y franc\u00e9s como tercera lengua) de excelencia acad\u00e9mica y contamos con un curr\u00edculo internacional que permite intercambios internacionales a Canad\u00e1, Reino Unido, USA y Francia, as\u00ed como asesor\u00eda estudiantil para estudios superiores en el exterior.","publisher":{"@id":"https:\/\/laarboleda.edu.co\/es\/#organization"},"potentialAction":[{"@type":"SearchAction","target":{"@type":"EntryPoint","urlTemplate":"https:\/\/laarboleda.edu.co\/es\/?s={search_term_string}"},"query-input":{"@type":"PropertyValueSpecification","valueRequired":true,"valueName":"search_term_string"}}],"inLanguage":"es"},{"@type":"Organization","@id":"https:\/\/laarboleda.edu.co\/es\/#organization","name":"Arboleda School | International School Cali","url":"https:\/\/laarboleda.edu.co\/es\/","logo":{"@type":"ImageObject","inLanguage":"es","@id":"https:\/\/laarboleda.edu.co\/es\/#\/schema\/logo\/image\/","url":"https:\/\/laarboleda.edu.co\/wp-content\/uploads\/sites\/34\/2024\/11\/cropped-LogoArboleda-2.png","contentUrl":"https:\/\/laarboleda.edu.co\/wp-content\/uploads\/sites\/34\/2024\/11\/cropped-LogoArboleda-2.png","width":808,"height":388,"caption":"Arboleda School | International School Cali"},"image":{"@id":"https:\/\/laarboleda.edu.co\/es\/#\/schema\/logo\/image\/"},"sameAs":["https:\/\/www.facebook.com\/colegiolaarboleda\/","https:\/\/www.instagram.com\/colegiolaarboleda\/","https:\/\/www.youtube.com\/@ColegioLaArboledaCali","https:\/\/www.linkedin.com\/company\/colegio-la-arboleda"]}]}},"jetpack_sharing_enabled":true,"_links":{"self":[{"href":"https:\/\/laarboleda.edu.co\/es\/wp-json\/wp\/v2\/blog\/518","targetHints":{"allow":["GET"]}}],"collection":[{"href":"https:\/\/laarboleda.edu.co\/es\/wp-json\/wp\/v2\/blog"}],"about":[{"href":"https:\/\/laarboleda.edu.co\/es\/wp-json\/wp\/v2\/types\/blog"}],"version-history":[{"count":0,"href":"https:\/\/laarboleda.edu.co\/es\/wp-json\/wp\/v2\/blog\/518\/revisions"}],"wp:featuredmedia":[{"embeddable":true,"href":"https:\/\/laarboleda.edu.co\/es\/wp-json\/wp\/v2\/media\/526"}],"wp:attachment":[{"href":"https:\/\/laarboleda.edu.co\/es\/wp-json\/wp\/v2\/media?parent=518"}],"curies":[{"name":"wp","href":"https:\/\/api.w.org\/{rel}","templated":true}]}}