{"id":375,"date":"2024-05-15T22:11:07","date_gmt":"2024-05-15T22:11:07","guid":{"rendered":"https:\/\/qrealo.cl\/laarboleda\/index.php\/2024\/05\/15\/claves-para-un-regreso-a-clases-emocionante\/"},"modified":"2024-05-15T22:11:07","modified_gmt":"2024-05-15T22:11:07","slug":"claves-para-un-regreso-a-clases-emocionante","status":"publish","type":"blog","link":"https:\/\/laarboleda.edu.co\/es\/blog\/claves-para-un-regreso-a-clases-emocionante\/","title":{"rendered":"\u00a1Claves para un regreso a clases emocionante!"},"content":{"rendered":"<p><span id=\"hs_cos_wrapper_post_body\" class=\"hs_cos_wrapper hs_cos_wrapper_meta_field hs_cos_wrapper_type_rich_text\" data-hs-cos-general-type=\"meta_field\" data-hs-cos-type=\"rich_text\"><\/p>\n<p style=\"text-align: justify\"><em><img decoding=\"async\" src=\"https:\/\/laarboleda.edu.co\/wp-content\/uploads\/sites\/34\/2025\/01\/volveraclases-4.jpg\" alt=\"volveraclases\" width=\"500\" loading=\"lazy\" style=\"width: 500px;margin-left: auto;margin-right: auto\"><\/em><\/p>\n<p>El regreso a clases despu\u00e9s de unas largas vacaciones de verano, puede resultar dif\u00edcil para muchos ni\u00f1os y j\u00f3venes. Volver a la rutina de madrugar, hacer las tareas, interactuar con compa\u00f1eros y maestros nuevos supone un cambio no tan sencillo de llevar.<\/p>\n<p>Para Mar\u00eda Consuelo Montalvo Pont\u00f3n, psic\u00f3loga-Mg. en asesor\u00eda familiar y psic\u00f3loga del Jard\u00edn Infantil del Colegio La Arboleda, en el regreso a clases es muy importante naturalizar este momento con palabras positivas que animen a los m\u00e1s peque\u00f1os a tomar una actitud tranquila y entusiasta frente al inicio de clases. \u201cDurante las vacaciones los ni\u00f1os suelen perder la disciplina en los horarios de sue\u00f1o y alimentaci\u00f3n. Los peque\u00f1os pasan largas horas en actividades de entretenimiento, juego y disfrute. Por esta raz\u00f3n, es importante que los padres comiencen a incorporar aquellas rutinas que hacen parte del d\u00eda a d\u00eda de la vida escolar. Por otro lado, hay que entender que la capacidad de adaptaci\u00f3n que tienen los ni\u00f1os es muy grande, y a los pocos d\u00edas de comenzar clases estar\u00e1n enfocados en sus actividades y en disfrutar de sus amigos\u201d.<\/p>\n<p>\n  <!--more--><span style=\"color: black\"><\/span><\/p>\n<p style=\"font-weight: bold\">Conexi\u00f3n emocional y di\u00e1logo<\/p>\n<p>El proceso de adaptaci\u00f3n al nuevo ambiente escolar no es el mismo para todos los ni\u00f1os. Cada uno puede vivenciar de manera distinta las actividades y las relaciones interpersonales entre maestro- estudiantes, y compa\u00f1eros de sal\u00f3n. \u201cEs clave que la familia se preocupe por&nbsp;escuchar y validar las emociones. Puede que los ni\u00f1os y j\u00f3venes est\u00e9n muy entusiasmados de regresar al colegio y reencontrarse con sus amigos y amigas, as\u00ed como temer el reinicio de clases y sentir incertidumbre. Para saber c\u00f3mo se sienten, debemos preguntarles y escuchar lo que tienen para decirnos: qu\u00e9 les emociona o qu\u00e9 les asusta. Escucharlos ayudar\u00e1 a canalizar las emociones que puedan devenir de esta nueva etapa\u201d, se\u00f1ala Mar\u00eda Consuelo Montalvo.<\/p>\n<p style=\"font-weight: bold\">Claves para el regreso al colegio<\/p>\n<p>Antes de retomar las clases y las rutinas escolares, te compartimos cinco claves para hacer de este momento un proceso tranquilo y asertivo.<\/p>\n<p><img decoding=\"async\" src=\"https:\/\/laarboleda.edu.co\/wp-content\/uploads\/sites\/34\/2025\/01\/volveraclases03-4.jpg\" alt=\"volveraclases03\" width=\"1080\" loading=\"lazy\" style=\"width: 1080px\"><\/p>\n<ol>\n<li><span style=\"color: #444444\"><strong><span style=\"font-size: 19px;background-color: transparent\">Anticipa:<\/span><\/strong><span style=\"font-size: 19px;background-color: transparent\"> visualizar las actividades que tendr\u00e1n d\u00eda a d\u00eda antes de comenzar clase y durante la misma, es de gran ayuda para los ni\u00f1os. Una buena forma es elaborando un calendario en conjunto, que muestre la hora de levantarse, horario de clase, de comidas, de tareas y tiempos de ocio.<\/span><\/span><\/li>\n<li><span style=\"color: #444444\"><strong><span style=\"font-size: 19px;background-color: transparent\">Fomenta la autonom\u00eda:<\/span><\/strong><span style=\"font-size: 19px;background-color: transparent\"> establecer tareas f\u00e1ciles de cumplir alrededor de la preparaci\u00f3n para el inicio de colegio. Por ejemplo, armar la maleta escolar para el d\u00eda siguiente, alistar el uniforme, son algunos h\u00e1bitos que fortalecen la autonom\u00eda de los ni\u00f1os y son claves en la transici\u00f3n de regreso a clases.<\/span><\/span><\/li>\n<li><span style=\"color: #444444\"><strong><span style=\"font-size: 19px;background-color: transparent\">Rutinas de sue\u00f1o<\/span><\/strong><span style=\"font-size: 19px;background-color: transparent\"><strong>:<\/strong> evitar actividades de sobreestimulaci\u00f3n como el uso de pantallas antes de dormir, deportes o alimentos altos en az\u00facares y procesados, permitir\u00e1 que los ni\u00f1os tengan una mejor calidad de sue\u00f1o. Para lograr una buena rutina, intenta anticipar la hora de dormir con actividades para conciliar el sue\u00f1o; como un ba\u00f1o de agua tibia, leer un cuento, escuchar m\u00fasica tranquila o hacer alguna <\/span><span style=\"font-size: 19px;background-color: transparent\">actividad de relajaci\u00f3n.<\/span><\/span><\/li>\n<li><span style=\"color: #444444\"><strong><span style=\"font-size: 19px;background-color: transparent\">Preparativos<\/span><\/strong><span style=\"font-size: 19px;background-color: transparent\"><strong>:<\/strong> Involucrar a los peque\u00f1os en la compra de los libros, de los materiales acad\u00e9micos e indumentaria para el colegio o pedirles que sean ellos los que escriban su nombre en los libros.<\/span><\/span><\/li>\n<li><span style=\"color: #444444\"><strong>Tranquilidad:<\/strong> Trasmitirles constantemente ansiedad y pereza de volver al trabajo no ayudar\u00e1 que los ni\u00f1os asuman una actitud distinta. Da el ejemplo. Resalta los aspectos que sean positivos para ellos como reencontrarse con sus compa\u00f1eros de clase, los momentos divertidos en clase y las aventuras que tuvieron en vacaciones.<\/span><\/li>\n<\/ol>\n<hr>\n<p style=\"text-align: left\"><span style=\"font-size: 20px;color: black\"><span style=\"color: #404040\">Si te gust\u00f3 este contenido te invitamos a leer nuestro blog sobre nuestro curr\u00edculo HighScope<\/span>.<\/span><a href=\"\/dialogosenfamilia\" rel=\"noopener\" target=\"_blank\"> L\u00e9elo AQU\u00cd.<\/a><\/p>\n<p style=\"text-align: justify;font-size: 20px\">Somos un Colegio donde aprendemos a vivir, pensar y compartir respetando las diferencias.<\/p>\n<p style=\"text-align: justify;font-size: 20px;font-weight: bold\">\u00a1Ven y descubre la magia de aprender!<\/p>\n<p style=\"text-align: center;font-size: 20px\"><strong>\u00a1Con\u00f3cenos!<\/strong><\/p>\n<p><span><br \/>\n   <!--HubSpot Call-to-Action Code --><span class=\"hs-cta-wrapper\" id=\"hs-cta-wrapper-4d6ac0f1-6bfd-48b7-b209-013043753e34\"><span class=\"hs-cta-node hs-cta-4d6ac0f1-6bfd-48b7-b209-013043753e34\" id=\"hs-cta-4d6ac0f1-6bfd-48b7-b209-013043753e34\" data-hs-drop=\"true\" style=\"text-align: center\"><a id=\"cta_button_5140032_2bedc5f4-5121-49f1-a106-cf7e6bc218f3\" class=\"cta_button \" href=\"https:\/\/blog.laarboleda.edu.co\/cs\/c\/?cta_guid=2bedc5f4-5121-49f1-a106-cf7e6bc218f3&amp;signature=AAH58kELQ1M_c6RQvfi5gbtXJ6UOncsFpQ&amp;pageId=81575821403&amp;placement_guid=4d6ac0f1-6bfd-48b7-b209-013043753e34&amp;canon=https%3A%2F%2Fblog.laarboleda.edu.co%2Fvolveraclases&amp;portal_id=5140032&amp;__hstc=211750282.5872cf47cb78dd86f5e2df681bd5c401.1707792940561.1707792940561.1707792940561.1&amp;__hssc=211750282.1.1707792940561&amp;__hsfp=2656073202&amp;hsutk=5872cf47cb78dd86f5e2df681bd5c401&amp;contentType=blog-post\" target=\"_blank\" rel=\"noopener\" style=\"margin: 20px auto\" title=\"Solicita tu cita aqu\u00ed\">Solicita tu cita aqu\u00ed<\/a><\/span> hbspt.cta._relativeUrls=true;hbspt.cta.load(5140032, &#8216;4d6ac0f1-6bfd-48b7-b209-013043753e34&#8217;, {&#8220;useNewLoader&#8221;:&#8221;true&#8221;,&#8221;region&#8221;:&#8221;na1&#8243;}); <\/span><br \/>\n   <!-- end HubSpot Call-to-Action Code --><\/span><\/p>\n<p><\/span><\/p>\n","protected":false},"excerpt":{"rendered":"<p>Antes de retomar las clases y las rutinas escolares, te compartimos cinco claves para hacer de este momento un proceso tranquilo y asertivo.<\/p>\n","protected":false},"featured_media":389,"template":"","class_list":["post-375","blog","type-blog","status-publish","has-post-thumbnail","hentry"],"acf":[],"yoast_head":"<!-- This site is optimized with the Yoast SEO plugin v27.1.1 - https:\/\/yoast.com\/product\/yoast-seo-wordpress\/ -->\n<title>\u00a1Claves para un regreso a clases emocionante! - Arboleda School | International School Cali<\/title>\n<meta name=\"robots\" content=\"index, follow, max-snippet:-1, max-image-preview:large, max-video-preview:-1\" \/>\n<link rel=\"canonical\" href=\"https:\/\/laarboleda.edu.co\/es\/blog\/claves-para-un-regreso-a-clases-emocionante\/\" \/>\n<meta property=\"og:locale\" content=\"es_ES\" \/>\n<meta property=\"og:type\" content=\"article\" \/>\n<meta property=\"og:title\" content=\"\u00a1Claves para un regreso a clases emocionante! - Arboleda School | International School Cali\" \/>\n<meta property=\"og:description\" content=\"Antes de retomar las clases y las rutinas escolares, te compartimos cinco claves para hacer de este momento un proceso tranquilo y asertivo.\" \/>\n<meta property=\"og:url\" content=\"https:\/\/laarboleda.edu.co\/es\/blog\/claves-para-un-regreso-a-clases-emocionante\/\" \/>\n<meta property=\"og:site_name\" content=\"Arboleda School | International School Cali\" \/>\n<meta property=\"article:publisher\" content=\"https:\/\/www.facebook.com\/colegiolaarboleda\/\" \/>\n<meta property=\"og:image\" content=\"https:\/\/laarboleda.edu.co\/wp-content\/uploads\/sites\/34\/2025\/01\/volveraclases-4.jpg\" \/>\n<meta name=\"twitter:card\" content=\"summary_large_image\" \/>\n<meta name=\"twitter:label1\" content=\"Tiempo de lectura\" \/>\n\t<meta name=\"twitter:data1\" content=\"4 minutos\" \/>\n<script type=\"application\/ld+json\" class=\"yoast-schema-graph\">{\"@context\":\"https:\/\/schema.org\",\"@graph\":[{\"@type\":\"WebPage\",\"@id\":\"https:\/\/laarboleda.edu.co\/es\/blog\/claves-para-un-regreso-a-clases-emocionante\/\",\"url\":\"https:\/\/laarboleda.edu.co\/es\/blog\/claves-para-un-regreso-a-clases-emocionante\/\",\"name\":\"\u00a1Claves para un regreso a clases emocionante! - Arboleda School | International School Cali\",\"isPartOf\":{\"@id\":\"https:\/\/laarboleda.edu.co\/es\/#website\"},\"primaryImageOfPage\":{\"@id\":\"https:\/\/laarboleda.edu.co\/es\/blog\/claves-para-un-regreso-a-clases-emocionante\/#primaryimage\"},\"image\":{\"@id\":\"https:\/\/laarboleda.edu.co\/es\/blog\/claves-para-un-regreso-a-clases-emocionante\/#primaryimage\"},\"thumbnailUrl\":\"https:\/\/laarboleda.edu.co\/wp-content\/uploads\/sites\/34\/2025\/01\/volveraclases02.jpg\",\"datePublished\":\"2024-05-15T22:11:07+00:00\",\"breadcrumb\":{\"@id\":\"https:\/\/laarboleda.edu.co\/es\/blog\/claves-para-un-regreso-a-clases-emocionante\/#breadcrumb\"},\"inLanguage\":\"es\",\"potentialAction\":[{\"@type\":\"ReadAction\",\"target\":[\"https:\/\/laarboleda.edu.co\/es\/blog\/claves-para-un-regreso-a-clases-emocionante\/\"]}]},{\"@type\":\"ImageObject\",\"inLanguage\":\"es\",\"@id\":\"https:\/\/laarboleda.edu.co\/es\/blog\/claves-para-un-regreso-a-clases-emocionante\/#primaryimage\",\"url\":\"https:\/\/laarboleda.edu.co\/wp-content\/uploads\/sites\/34\/2025\/01\/volveraclases02.jpg\",\"contentUrl\":\"https:\/\/laarboleda.edu.co\/wp-content\/uploads\/sites\/34\/2025\/01\/volveraclases02.jpg\",\"width\":1080,\"height\":720},{\"@type\":\"BreadcrumbList\",\"@id\":\"https:\/\/laarboleda.edu.co\/es\/blog\/claves-para-un-regreso-a-clases-emocionante\/#breadcrumb\",\"itemListElement\":[{\"@type\":\"ListItem\",\"position\":1,\"name\":\"Home\",\"item\":\"https:\/\/laarboleda.edu.co\/es\/\"},{\"@type\":\"ListItem\",\"position\":2,\"name\":\"\u00a1Claves para un regreso a clases emocionante!\"}]},{\"@type\":\"WebSite\",\"@id\":\"https:\/\/laarboleda.edu.co\/es\/#website\",\"url\":\"https:\/\/laarboleda.edu.co\/es\/\",\"name\":\"Arboleda School | International School Cali\",\"description\":\"Nos enfocamos en el desarrollo del ser y en el respeto a las diferencias. Adem\u00e1s, somos un colegio biling\u00fce (ingl\u00e9s y espa\u00f1ol, y franc\u00e9s como tercera lengua) de excelencia acad\u00e9mica y contamos con un curr\u00edculo internacional que permite intercambios internacionales a Canad\u00e1, Reino Unido, USA y Francia, as\u00ed como asesor\u00eda estudiantil para estudios superiores en el exterior.\",\"publisher\":{\"@id\":\"https:\/\/laarboleda.edu.co\/es\/#organization\"},\"potentialAction\":[{\"@type\":\"SearchAction\",\"target\":{\"@type\":\"EntryPoint\",\"urlTemplate\":\"https:\/\/laarboleda.edu.co\/es\/?s={search_term_string}\"},\"query-input\":{\"@type\":\"PropertyValueSpecification\",\"valueRequired\":true,\"valueName\":\"search_term_string\"}}],\"inLanguage\":\"es\"},{\"@type\":\"Organization\",\"@id\":\"https:\/\/laarboleda.edu.co\/es\/#organization\",\"name\":\"Arboleda School | International School Cali\",\"url\":\"https:\/\/laarboleda.edu.co\/es\/\",\"logo\":{\"@type\":\"ImageObject\",\"inLanguage\":\"es\",\"@id\":\"https:\/\/laarboleda.edu.co\/es\/#\/schema\/logo\/image\/\",\"url\":\"https:\/\/laarboleda.edu.co\/wp-content\/uploads\/sites\/34\/2024\/11\/cropped-LogoArboleda-2.png\",\"contentUrl\":\"https:\/\/laarboleda.edu.co\/wp-content\/uploads\/sites\/34\/2024\/11\/cropped-LogoArboleda-2.png\",\"width\":808,\"height\":388,\"caption\":\"Arboleda School | International School Cali\"},\"image\":{\"@id\":\"https:\/\/laarboleda.edu.co\/es\/#\/schema\/logo\/image\/\"},\"sameAs\":[\"https:\/\/www.facebook.com\/colegiolaarboleda\/\",\"https:\/\/www.instagram.com\/colegiolaarboleda\/\",\"https:\/\/www.youtube.com\/@ColegioLaArboledaCali\",\"https:\/\/www.linkedin.com\/company\/colegio-la-arboleda\"]}]}<\/script>\n<!-- \/ Yoast SEO plugin. -->","yoast_head_json":{"title":"\u00a1Claves para un regreso a clases emocionante! - Arboleda School | International School Cali","robots":{"index":"index","follow":"follow","max-snippet":"max-snippet:-1","max-image-preview":"max-image-preview:large","max-video-preview":"max-video-preview:-1"},"canonical":"https:\/\/laarboleda.edu.co\/es\/blog\/claves-para-un-regreso-a-clases-emocionante\/","og_locale":"es_ES","og_type":"article","og_title":"\u00a1Claves para un regreso a clases emocionante! - Arboleda School | International School Cali","og_description":"Antes de retomar las clases y las rutinas escolares, te compartimos cinco claves para hacer de este momento un proceso tranquilo y asertivo.","og_url":"https:\/\/laarboleda.edu.co\/es\/blog\/claves-para-un-regreso-a-clases-emocionante\/","og_site_name":"Arboleda School | International School Cali","article_publisher":"https:\/\/www.facebook.com\/colegiolaarboleda\/","og_image":[{"url":"https:\/\/laarboleda.edu.co\/wp-content\/uploads\/sites\/34\/2025\/01\/volveraclases-4.jpg","type":"","width":"","height":""}],"twitter_card":"summary_large_image","twitter_misc":{"Tiempo de lectura":"4 minutos"},"schema":{"@context":"https:\/\/schema.org","@graph":[{"@type":"WebPage","@id":"https:\/\/laarboleda.edu.co\/es\/blog\/claves-para-un-regreso-a-clases-emocionante\/","url":"https:\/\/laarboleda.edu.co\/es\/blog\/claves-para-un-regreso-a-clases-emocionante\/","name":"\u00a1Claves para un regreso a clases emocionante! - Arboleda School | International School Cali","isPartOf":{"@id":"https:\/\/laarboleda.edu.co\/es\/#website"},"primaryImageOfPage":{"@id":"https:\/\/laarboleda.edu.co\/es\/blog\/claves-para-un-regreso-a-clases-emocionante\/#primaryimage"},"image":{"@id":"https:\/\/laarboleda.edu.co\/es\/blog\/claves-para-un-regreso-a-clases-emocionante\/#primaryimage"},"thumbnailUrl":"https:\/\/laarboleda.edu.co\/wp-content\/uploads\/sites\/34\/2025\/01\/volveraclases02.jpg","datePublished":"2024-05-15T22:11:07+00:00","breadcrumb":{"@id":"https:\/\/laarboleda.edu.co\/es\/blog\/claves-para-un-regreso-a-clases-emocionante\/#breadcrumb"},"inLanguage":"es","potentialAction":[{"@type":"ReadAction","target":["https:\/\/laarboleda.edu.co\/es\/blog\/claves-para-un-regreso-a-clases-emocionante\/"]}]},{"@type":"ImageObject","inLanguage":"es","@id":"https:\/\/laarboleda.edu.co\/es\/blog\/claves-para-un-regreso-a-clases-emocionante\/#primaryimage","url":"https:\/\/laarboleda.edu.co\/wp-content\/uploads\/sites\/34\/2025\/01\/volveraclases02.jpg","contentUrl":"https:\/\/laarboleda.edu.co\/wp-content\/uploads\/sites\/34\/2025\/01\/volveraclases02.jpg","width":1080,"height":720},{"@type":"BreadcrumbList","@id":"https:\/\/laarboleda.edu.co\/es\/blog\/claves-para-un-regreso-a-clases-emocionante\/#breadcrumb","itemListElement":[{"@type":"ListItem","position":1,"name":"Home","item":"https:\/\/laarboleda.edu.co\/es\/"},{"@type":"ListItem","position":2,"name":"\u00a1Claves para un regreso a clases emocionante!"}]},{"@type":"WebSite","@id":"https:\/\/laarboleda.edu.co\/es\/#website","url":"https:\/\/laarboleda.edu.co\/es\/","name":"Arboleda School | International School Cali","description":"Nos enfocamos en el desarrollo del ser y en el respeto a las diferencias. Adem\u00e1s, somos un colegio biling\u00fce (ingl\u00e9s y espa\u00f1ol, y franc\u00e9s como tercera lengua) de excelencia acad\u00e9mica y contamos con un curr\u00edculo internacional que permite intercambios internacionales a Canad\u00e1, Reino Unido, USA y Francia, as\u00ed como asesor\u00eda estudiantil para estudios superiores en el exterior.","publisher":{"@id":"https:\/\/laarboleda.edu.co\/es\/#organization"},"potentialAction":[{"@type":"SearchAction","target":{"@type":"EntryPoint","urlTemplate":"https:\/\/laarboleda.edu.co\/es\/?s={search_term_string}"},"query-input":{"@type":"PropertyValueSpecification","valueRequired":true,"valueName":"search_term_string"}}],"inLanguage":"es"},{"@type":"Organization","@id":"https:\/\/laarboleda.edu.co\/es\/#organization","name":"Arboleda School | International School Cali","url":"https:\/\/laarboleda.edu.co\/es\/","logo":{"@type":"ImageObject","inLanguage":"es","@id":"https:\/\/laarboleda.edu.co\/es\/#\/schema\/logo\/image\/","url":"https:\/\/laarboleda.edu.co\/wp-content\/uploads\/sites\/34\/2024\/11\/cropped-LogoArboleda-2.png","contentUrl":"https:\/\/laarboleda.edu.co\/wp-content\/uploads\/sites\/34\/2024\/11\/cropped-LogoArboleda-2.png","width":808,"height":388,"caption":"Arboleda School | International School Cali"},"image":{"@id":"https:\/\/laarboleda.edu.co\/es\/#\/schema\/logo\/image\/"},"sameAs":["https:\/\/www.facebook.com\/colegiolaarboleda\/","https:\/\/www.instagram.com\/colegiolaarboleda\/","https:\/\/www.youtube.com\/@ColegioLaArboledaCali","https:\/\/www.linkedin.com\/company\/colegio-la-arboleda"]}]}},"jetpack_sharing_enabled":true,"_links":{"self":[{"href":"https:\/\/laarboleda.edu.co\/es\/wp-json\/wp\/v2\/blog\/375","targetHints":{"allow":["GET"]}}],"collection":[{"href":"https:\/\/laarboleda.edu.co\/es\/wp-json\/wp\/v2\/blog"}],"about":[{"href":"https:\/\/laarboleda.edu.co\/es\/wp-json\/wp\/v2\/types\/blog"}],"version-history":[{"count":0,"href":"https:\/\/laarboleda.edu.co\/es\/wp-json\/wp\/v2\/blog\/375\/revisions"}],"wp:featuredmedia":[{"embeddable":true,"href":"https:\/\/laarboleda.edu.co\/es\/wp-json\/wp\/v2\/media\/389"}],"wp:attachment":[{"href":"https:\/\/laarboleda.edu.co\/es\/wp-json\/wp\/v2\/media?parent=375"}],"curies":[{"name":"wp","href":"https:\/\/api.w.org\/{rel}","templated":true}]}}