{"id":360,"date":"2024-05-15T22:11:16","date_gmt":"2024-05-15T22:11:16","guid":{"rendered":"https:\/\/qrealo.cl\/laarboleda\/index.php\/2024\/05\/15\/musica-armonizando-emociones\/"},"modified":"2024-05-15T22:11:16","modified_gmt":"2024-05-15T22:11:16","slug":"musica-armonizando-emociones","status":"publish","type":"blog","link":"https:\/\/laarboleda.edu.co\/es\/blog\/musica-armonizando-emociones\/","title":{"rendered":"M\u00fasica: armonizando emociones"},"content":{"rendered":"<p><span id=\"hs_cos_wrapper_post_body\" class=\"hs_cos_wrapper hs_cos_wrapper_meta_field hs_cos_wrapper_type_rich_text\" data-hs-cos-general-type=\"meta_field\" data-hs-cos-type=\"rich_text\"><\/p>\n<p><img decoding=\"async\" src=\"https:\/\/laarboleda.edu.co\/wp-content\/uploads\/sites\/34\/2025\/01\/music-armonizando-emociones-Feb-27-2024-08-34-26-8531-PM.jpg\" alt=\"music armonizando emociones\" width=\"600\" style=\"width: 600px;margin: 0px auto\"><\/p>\n<p>\u00bfSab\u00edas que disfrutar de una buena canci\u00f3n nos ayuda a liberar tensiones, relajarnos e incluso a mejorar nuestro estado de \u00e1nimo?&nbsp; En esta oportunidad te invitamos a escuchar un podcast llamado &#8220;M\u00fasica: armonizando emociones&#8221; que nos cuenta sobre c\u00f3mo influye la m\u00fasica en nuestro sentir.<\/p>\n<p> <!--more--> <\/p>\n<p><img decoding=\"async\" src=\"https:\/\/laarboleda.edu.co\/wp-content\/uploads\/sites\/34\/2025\/01\/musica-javier-mejia-1.jpg\" alt=\"musica javier mejia\" width=\"600\" style=\"width: 600px;margin: 0px auto\"><\/p>\n<p>En esta ocasi\u00f3n la batuta la lleva nuestro profesor de M\u00fasica Javier Mej\u00eda, quien desde su sensibilidad y conocimiento nos conduce por una experiencia llena de sonidos y melod\u00edas que armonizar\u00e1n nuestro d\u00eda.<\/p>\n<p>\u00a1Dale play!<\/p>\n<\/p>\n<p>&nbsp;<\/p>\n<p><\/span><\/p>\n","protected":false},"excerpt":{"rendered":"<p>La m\u00fasica nos ayuda a liberar tensiones, relajarnos e incluso a mejorar nuestro estado de \u00e1nimo<\/p>\n","protected":false},"featured_media":374,"template":"","class_list":["post-360","blog","type-blog","status-publish","has-post-thumbnail","hentry"],"acf":[],"yoast_head":"<!-- This site is optimized with the Yoast SEO plugin v27.1.1 - https:\/\/yoast.com\/product\/yoast-seo-wordpress\/ -->\n<title>M\u00fasica: armonizando emociones - Arboleda School | International School Cali<\/title>\n<meta name=\"robots\" content=\"index, follow, max-snippet:-1, max-image-preview:large, max-video-preview:-1\" \/>\n<link rel=\"canonical\" href=\"https:\/\/laarboleda.edu.co\/es\/blog\/musica-armonizando-emociones\/\" \/>\n<meta property=\"og:locale\" content=\"es_ES\" \/>\n<meta property=\"og:type\" content=\"article\" \/>\n<meta property=\"og:title\" content=\"M\u00fasica: armonizando emociones - Arboleda School | International School Cali\" \/>\n<meta property=\"og:description\" content=\"La m\u00fasica nos ayuda a liberar tensiones, relajarnos e incluso a mejorar nuestro estado de \u00e1nimo\" \/>\n<meta property=\"og:url\" content=\"https:\/\/laarboleda.edu.co\/es\/blog\/musica-armonizando-emociones\/\" \/>\n<meta property=\"og:site_name\" content=\"Arboleda School | International School Cali\" \/>\n<meta property=\"article:publisher\" content=\"https:\/\/www.facebook.com\/colegiolaarboleda\/\" \/>\n<meta property=\"og:image\" content=\"https:\/\/laarboleda.edu.co\/wp-content\/uploads\/sites\/34\/2025\/01\/music-armonizando-emociones-Feb-27-2024-08-34-26-8531-PM.jpg\" \/>\n<meta name=\"twitter:card\" content=\"summary_large_image\" \/>\n<script type=\"application\/ld+json\" class=\"yoast-schema-graph\">{\"@context\":\"https:\/\/schema.org\",\"@graph\":[{\"@type\":\"WebPage\",\"@id\":\"https:\/\/laarboleda.edu.co\/es\/blog\/musica-armonizando-emociones\/\",\"url\":\"https:\/\/laarboleda.edu.co\/es\/blog\/musica-armonizando-emociones\/\",\"name\":\"M\u00fasica: armonizando emociones - Arboleda School | International School Cali\",\"isPartOf\":{\"@id\":\"https:\/\/laarboleda.edu.co\/es\/#website\"},\"primaryImageOfPage\":{\"@id\":\"https:\/\/laarboleda.edu.co\/es\/blog\/musica-armonizando-emociones\/#primaryimage\"},\"image\":{\"@id\":\"https:\/\/laarboleda.edu.co\/es\/blog\/musica-armonizando-emociones\/#primaryimage\"},\"thumbnailUrl\":\"https:\/\/laarboleda.edu.co\/wp-content\/uploads\/sites\/34\/2025\/01\/music-armonizando-emociones-3.jpg\",\"datePublished\":\"2024-05-15T22:11:16+00:00\",\"breadcrumb\":{\"@id\":\"https:\/\/laarboleda.edu.co\/es\/blog\/musica-armonizando-emociones\/#breadcrumb\"},\"inLanguage\":\"es\",\"potentialAction\":[{\"@type\":\"ReadAction\",\"target\":[\"https:\/\/laarboleda.edu.co\/es\/blog\/musica-armonizando-emociones\/\"]}]},{\"@type\":\"ImageObject\",\"inLanguage\":\"es\",\"@id\":\"https:\/\/laarboleda.edu.co\/es\/blog\/musica-armonizando-emociones\/#primaryimage\",\"url\":\"https:\/\/laarboleda.edu.co\/wp-content\/uploads\/sites\/34\/2025\/01\/music-armonizando-emociones-3.jpg\",\"contentUrl\":\"https:\/\/laarboleda.edu.co\/wp-content\/uploads\/sites\/34\/2025\/01\/music-armonizando-emociones-3.jpg\",\"width\":1280,\"height\":853},{\"@type\":\"BreadcrumbList\",\"@id\":\"https:\/\/laarboleda.edu.co\/es\/blog\/musica-armonizando-emociones\/#breadcrumb\",\"itemListElement\":[{\"@type\":\"ListItem\",\"position\":1,\"name\":\"Home\",\"item\":\"https:\/\/laarboleda.edu.co\/es\/\"},{\"@type\":\"ListItem\",\"position\":2,\"name\":\"M\u00fasica: armonizando emociones\"}]},{\"@type\":\"WebSite\",\"@id\":\"https:\/\/laarboleda.edu.co\/es\/#website\",\"url\":\"https:\/\/laarboleda.edu.co\/es\/\",\"name\":\"Arboleda School | International School Cali\",\"description\":\"Nos enfocamos en el desarrollo del ser y en el respeto a las diferencias. Adem\u00e1s, somos un colegio biling\u00fce (ingl\u00e9s y espa\u00f1ol, y franc\u00e9s como tercera lengua) de excelencia acad\u00e9mica y contamos con un curr\u00edculo internacional que permite intercambios internacionales a Canad\u00e1, Reino Unido, USA y Francia, as\u00ed como asesor\u00eda estudiantil para estudios superiores en el exterior.\",\"publisher\":{\"@id\":\"https:\/\/laarboleda.edu.co\/es\/#organization\"},\"potentialAction\":[{\"@type\":\"SearchAction\",\"target\":{\"@type\":\"EntryPoint\",\"urlTemplate\":\"https:\/\/laarboleda.edu.co\/es\/?s={search_term_string}\"},\"query-input\":{\"@type\":\"PropertyValueSpecification\",\"valueRequired\":true,\"valueName\":\"search_term_string\"}}],\"inLanguage\":\"es\"},{\"@type\":\"Organization\",\"@id\":\"https:\/\/laarboleda.edu.co\/es\/#organization\",\"name\":\"Arboleda School | International School Cali\",\"url\":\"https:\/\/laarboleda.edu.co\/es\/\",\"logo\":{\"@type\":\"ImageObject\",\"inLanguage\":\"es\",\"@id\":\"https:\/\/laarboleda.edu.co\/es\/#\/schema\/logo\/image\/\",\"url\":\"https:\/\/laarboleda.edu.co\/wp-content\/uploads\/sites\/34\/2024\/11\/cropped-LogoArboleda-2.png\",\"contentUrl\":\"https:\/\/laarboleda.edu.co\/wp-content\/uploads\/sites\/34\/2024\/11\/cropped-LogoArboleda-2.png\",\"width\":808,\"height\":388,\"caption\":\"Arboleda School | International School Cali\"},\"image\":{\"@id\":\"https:\/\/laarboleda.edu.co\/es\/#\/schema\/logo\/image\/\"},\"sameAs\":[\"https:\/\/www.facebook.com\/colegiolaarboleda\/\",\"https:\/\/www.instagram.com\/colegiolaarboleda\/\",\"https:\/\/www.youtube.com\/@ColegioLaArboledaCali\",\"https:\/\/www.linkedin.com\/company\/colegio-la-arboleda\"]}]}<\/script>\n<!-- \/ Yoast SEO plugin. -->","yoast_head_json":{"title":"M\u00fasica: armonizando emociones - Arboleda School | International School Cali","robots":{"index":"index","follow":"follow","max-snippet":"max-snippet:-1","max-image-preview":"max-image-preview:large","max-video-preview":"max-video-preview:-1"},"canonical":"https:\/\/laarboleda.edu.co\/es\/blog\/musica-armonizando-emociones\/","og_locale":"es_ES","og_type":"article","og_title":"M\u00fasica: armonizando emociones - Arboleda School | International School Cali","og_description":"La m\u00fasica nos ayuda a liberar tensiones, relajarnos e incluso a mejorar nuestro estado de \u00e1nimo","og_url":"https:\/\/laarboleda.edu.co\/es\/blog\/musica-armonizando-emociones\/","og_site_name":"Arboleda School | International School Cali","article_publisher":"https:\/\/www.facebook.com\/colegiolaarboleda\/","og_image":[{"url":"https:\/\/laarboleda.edu.co\/wp-content\/uploads\/sites\/34\/2025\/01\/music-armonizando-emociones-Feb-27-2024-08-34-26-8531-PM.jpg","type":"","width":"","height":""}],"twitter_card":"summary_large_image","schema":{"@context":"https:\/\/schema.org","@graph":[{"@type":"WebPage","@id":"https:\/\/laarboleda.edu.co\/es\/blog\/musica-armonizando-emociones\/","url":"https:\/\/laarboleda.edu.co\/es\/blog\/musica-armonizando-emociones\/","name":"M\u00fasica: armonizando emociones - Arboleda School | International School Cali","isPartOf":{"@id":"https:\/\/laarboleda.edu.co\/es\/#website"},"primaryImageOfPage":{"@id":"https:\/\/laarboleda.edu.co\/es\/blog\/musica-armonizando-emociones\/#primaryimage"},"image":{"@id":"https:\/\/laarboleda.edu.co\/es\/blog\/musica-armonizando-emociones\/#primaryimage"},"thumbnailUrl":"https:\/\/laarboleda.edu.co\/wp-content\/uploads\/sites\/34\/2025\/01\/music-armonizando-emociones-3.jpg","datePublished":"2024-05-15T22:11:16+00:00","breadcrumb":{"@id":"https:\/\/laarboleda.edu.co\/es\/blog\/musica-armonizando-emociones\/#breadcrumb"},"inLanguage":"es","potentialAction":[{"@type":"ReadAction","target":["https:\/\/laarboleda.edu.co\/es\/blog\/musica-armonizando-emociones\/"]}]},{"@type":"ImageObject","inLanguage":"es","@id":"https:\/\/laarboleda.edu.co\/es\/blog\/musica-armonizando-emociones\/#primaryimage","url":"https:\/\/laarboleda.edu.co\/wp-content\/uploads\/sites\/34\/2025\/01\/music-armonizando-emociones-3.jpg","contentUrl":"https:\/\/laarboleda.edu.co\/wp-content\/uploads\/sites\/34\/2025\/01\/music-armonizando-emociones-3.jpg","width":1280,"height":853},{"@type":"BreadcrumbList","@id":"https:\/\/laarboleda.edu.co\/es\/blog\/musica-armonizando-emociones\/#breadcrumb","itemListElement":[{"@type":"ListItem","position":1,"name":"Home","item":"https:\/\/laarboleda.edu.co\/es\/"},{"@type":"ListItem","position":2,"name":"M\u00fasica: armonizando emociones"}]},{"@type":"WebSite","@id":"https:\/\/laarboleda.edu.co\/es\/#website","url":"https:\/\/laarboleda.edu.co\/es\/","name":"Arboleda School | International School Cali","description":"Nos enfocamos en el desarrollo del ser y en el respeto a las diferencias. Adem\u00e1s, somos un colegio biling\u00fce (ingl\u00e9s y espa\u00f1ol, y franc\u00e9s como tercera lengua) de excelencia acad\u00e9mica y contamos con un curr\u00edculo internacional que permite intercambios internacionales a Canad\u00e1, Reino Unido, USA y Francia, as\u00ed como asesor\u00eda estudiantil para estudios superiores en el exterior.","publisher":{"@id":"https:\/\/laarboleda.edu.co\/es\/#organization"},"potentialAction":[{"@type":"SearchAction","target":{"@type":"EntryPoint","urlTemplate":"https:\/\/laarboleda.edu.co\/es\/?s={search_term_string}"},"query-input":{"@type":"PropertyValueSpecification","valueRequired":true,"valueName":"search_term_string"}}],"inLanguage":"es"},{"@type":"Organization","@id":"https:\/\/laarboleda.edu.co\/es\/#organization","name":"Arboleda School | International School Cali","url":"https:\/\/laarboleda.edu.co\/es\/","logo":{"@type":"ImageObject","inLanguage":"es","@id":"https:\/\/laarboleda.edu.co\/es\/#\/schema\/logo\/image\/","url":"https:\/\/laarboleda.edu.co\/wp-content\/uploads\/sites\/34\/2024\/11\/cropped-LogoArboleda-2.png","contentUrl":"https:\/\/laarboleda.edu.co\/wp-content\/uploads\/sites\/34\/2024\/11\/cropped-LogoArboleda-2.png","width":808,"height":388,"caption":"Arboleda School | International School Cali"},"image":{"@id":"https:\/\/laarboleda.edu.co\/es\/#\/schema\/logo\/image\/"},"sameAs":["https:\/\/www.facebook.com\/colegiolaarboleda\/","https:\/\/www.instagram.com\/colegiolaarboleda\/","https:\/\/www.youtube.com\/@ColegioLaArboledaCali","https:\/\/www.linkedin.com\/company\/colegio-la-arboleda"]}]}},"jetpack_sharing_enabled":true,"_links":{"self":[{"href":"https:\/\/laarboleda.edu.co\/es\/wp-json\/wp\/v2\/blog\/360","targetHints":{"allow":["GET"]}}],"collection":[{"href":"https:\/\/laarboleda.edu.co\/es\/wp-json\/wp\/v2\/blog"}],"about":[{"href":"https:\/\/laarboleda.edu.co\/es\/wp-json\/wp\/v2\/types\/blog"}],"version-history":[{"count":0,"href":"https:\/\/laarboleda.edu.co\/es\/wp-json\/wp\/v2\/blog\/360\/revisions"}],"wp:featuredmedia":[{"embeddable":true,"href":"https:\/\/laarboleda.edu.co\/es\/wp-json\/wp\/v2\/media\/374"}],"wp:attachment":[{"href":"https:\/\/laarboleda.edu.co\/es\/wp-json\/wp\/v2\/media?parent=360"}],"curies":[{"name":"wp","href":"https:\/\/api.w.org\/{rel}","templated":true}]}}